{"id":2346,"date":"2024-05-29T22:56:00","date_gmt":"2024-05-29T22:56:00","guid":{"rendered":"https:\/\/cuip.ualg.pt\/?p=2346"},"modified":"2024-07-19T16:26:11","modified_gmt":"2024-07-19T16:26:11","slug":"cuip-no-xxii-encontro-de-psicologia-no-algarve","status":"publish","type":"post","link":"https:\/\/cuip.ualg.pt\/pt-pt\/2024\/05\/29\/cuip-no-xxii-encontro-de-psicologia-no-algarve\/","title":{"rendered":"CUIP organiza lanche &#8211; conv\u00edvio"},"content":{"rendered":"\t\t<div data-elementor-type=\"wp-post\" data-elementor-id=\"2346\" class=\"elementor elementor-2346 elementor-2345\" data-elementor-post-type=\"post\">\n\t\t\t\t<div class=\"elementor-element elementor-element-3f086a8 e-flex e-con-boxed e-con e-parent\" data-id=\"3f086a8\" data-element_type=\"container\">\n\t\t\t\t\t<div class=\"e-con-inner\">\n\t\t\t\t<div class=\"elementor-element elementor-element-2d2e538 elementor-widget elementor-widget-heading\" data-id=\"2d2e538\" data-element_type=\"widget\" data-widget_type=\"heading.default\">\n\t\t\t\t<div class=\"elementor-widget-container\">\n\t\t\t\t\t<h3 class=\"elementor-heading-title elementor-size-default\">Rede de doutorandos do CUIP organiza lanche - conv\u00edvio<\/h3>\t\t\t\t<\/div>\n\t\t\t\t<\/div>\n\t\t\t\t\t<\/div>\n\t\t\t\t<\/div>\n\t\t<div class=\"elementor-element elementor-element-fcf5a43 e-flex e-con-boxed e-con e-parent\" data-id=\"fcf5a43\" data-element_type=\"container\">\n\t\t\t\t\t<div class=\"e-con-inner\">\n\t\t<div class=\"elementor-element elementor-element-5a46d2f e-con-full e-flex e-con e-child\" data-id=\"5a46d2f\" data-element_type=\"container\">\n\t\t\t\t<div class=\"elementor-element elementor-element-1a660b9 elementor-widget elementor-widget-text-editor\" data-id=\"1a660b9\" data-element_type=\"widget\" data-widget_type=\"text-editor.default\">\n\t\t\t\t<div class=\"elementor-widget-container\">\n\t\t\t\t\t\t\t\t\t<p>No dia 29 de maio foi realizado um lanche \u2013 conv\u00edvio, organizado pela Rede de doutorandos do CUIP, tendo contado com a presen\u00e7a de doutorandos e de investigadores do CUIP e permitindo falar sobre ci\u00eancia e investiga\u00e7\u00e3o num clima informal.<\/p>\n\t\t\t\t\t\t\t\t<\/div>\n\t\t\t\t<\/div>\n\t\t\t\t<\/div>\n\t\t\t\t\t<\/div>\n\t\t\t\t<\/div>\n\t\t<div class=\"elementor-element elementor-element-c686396 e-flex e-con-boxed e-con e-parent\" data-id=\"c686396\" data-element_type=\"container\">\n\t\t\t\t\t<div class=\"e-con-inner\">\n\t\t<div class=\"elementor-element elementor-element-257c87a e-con-full e-flex e-con e-child\" data-id=\"257c87a\" data-element_type=\"container\">\n\t\t\t\t<div class=\"elementor-element elementor-element-6f237a4 elementor-widget__width-initial elementor-widget elementor-widget-image\" data-id=\"6f237a4\" data-element_type=\"widget\" data-widget_type=\"image.default\">\n\t\t\t\t<div class=\"elementor-widget-container\">\n\t\t\t\t\t\t\t\t\t\t\t\t\t\t\t<img fetchpriority=\"high\" decoding=\"async\" width=\"1024\" height=\"604\" src=\"https:\/\/cuip.ualg.pt\/wp-content\/uploads\/2024\/07\/Lanche_Docs-1024x604.jpg\" class=\"attachment-large size-large wp-image-2353\" alt=\"\" srcset=\"https:\/\/cuip.ualg.pt\/wp-content\/uploads\/2024\/07\/Lanche_Docs-1024x604.jpg 1024w, https:\/\/cuip.ualg.pt\/wp-content\/uploads\/2024\/07\/Lanche_Docs-300x177.jpg 300w, https:\/\/cuip.ualg.pt\/wp-content\/uploads\/2024\/07\/Lanche_Docs-768x453.jpg 768w, https:\/\/cuip.ualg.pt\/wp-content\/uploads\/2024\/07\/Lanche_Docs-1536x905.jpg 1536w, https:\/\/cuip.ualg.pt\/wp-content\/uploads\/2024\/07\/Lanche_Docs.jpg 1600w\" sizes=\"(max-width: 1024px) 100vw, 1024px\" \/>\t\t\t\t\t\t\t\t\t\t\t\t\t\t\t<\/div>\n\t\t\t\t<\/div>\n\t\t\t\t<\/div>\n\t\t\t\t\t<\/div>\n\t\t\t\t<\/div>\n\t\t\t\t<\/div>\n\t\t","protected":false},"excerpt":{"rendered":"<p>Rede de doutorandos do CUIP organiza lanche &#8211; conv\u00edvio No dia 29 de maio foi realizado um lanche \u2013 conv\u00edvio, organizado pela Rede de doutorandos do CUIP, tendo contado com a presen\u00e7a de doutorandos e de investigadores do CUIP e permitindo falar sobre ci\u00eancia e investiga\u00e7\u00e3o num clima informal.<\/p>\n","protected":false},"author":2,"featured_media":2349,"comment_status":"closed","ping_status":"closed","sticky":false,"template":"","format":"standard","meta":{"_themeisle_gutenberg_block_has_review":false,"footnotes":""},"categories":[1],"tags":[],"class_list":["post-2346","post","type-post","status-publish","format-standard","has-post-thumbnail","hentry","category-noticias"],"_links":{"self":[{"href":"https:\/\/cuip.ualg.pt\/pt-pt\/wp-json\/wp\/v2\/posts\/2346","targetHints":{"allow":["GET"]}}],"collection":[{"href":"https:\/\/cuip.ualg.pt\/pt-pt\/wp-json\/wp\/v2\/posts"}],"about":[{"href":"https:\/\/cuip.ualg.pt\/pt-pt\/wp-json\/wp\/v2\/types\/post"}],"author":[{"embeddable":true,"href":"https:\/\/cuip.ualg.pt\/pt-pt\/wp-json\/wp\/v2\/users\/2"}],"replies":[{"embeddable":true,"href":"https:\/\/cuip.ualg.pt\/pt-pt\/wp-json\/wp\/v2\/comments?post=2346"}],"version-history":[{"count":3,"href":"https:\/\/cuip.ualg.pt\/pt-pt\/wp-json\/wp\/v2\/posts\/2346\/revisions"}],"predecessor-version":[{"id":2358,"href":"https:\/\/cuip.ualg.pt\/pt-pt\/wp-json\/wp\/v2\/posts\/2346\/revisions\/2358"}],"wp:featuredmedia":[{"embeddable":true,"href":"https:\/\/cuip.ualg.pt\/pt-pt\/wp-json\/wp\/v2\/media\/2349"}],"wp:attachment":[{"href":"https:\/\/cuip.ualg.pt\/pt-pt\/wp-json\/wp\/v2\/media?parent=2346"}],"wp:term":[{"taxonomy":"category","embeddable":true,"href":"https:\/\/cuip.ualg.pt\/pt-pt\/wp-json\/wp\/v2\/categories?post=2346"},{"taxonomy":"post_tag","embeddable":true,"href":"https:\/\/cuip.ualg.pt\/pt-pt\/wp-json\/wp\/v2\/tags?post=2346"}],"curies":[{"name":"wp","href":"https:\/\/api.w.org\/{rel}","templated":true}]}}