{"id":2447,"date":"2024-07-04T14:38:55","date_gmt":"2024-07-04T14:38:55","guid":{"rendered":"https:\/\/cuip.ualg.pt\/?p=2447"},"modified":"2024-07-19T16:21:12","modified_gmt":"2024-07-19T16:21:12","slug":"reuniao-com-consultores-externos-internacionais-do-cuip-2","status":"publish","type":"post","link":"https:\/\/cuip.ualg.pt\/pt-pt\/2024\/07\/04\/reuniao-com-consultores-externos-internacionais-do-cuip-2\/","title":{"rendered":"Training School coordenado por investigadoras do CUIP"},"content":{"rendered":"\t\t<div data-elementor-type=\"wp-post\" data-elementor-id=\"2447\" class=\"elementor elementor-2447 elementor-2446\" data-elementor-post-type=\"post\">\n\t\t\t\t<div class=\"elementor-element elementor-element-3f086a8 e-flex e-con-boxed e-con e-parent\" data-id=\"3f086a8\" data-element_type=\"container\">\n\t\t\t\t\t<div class=\"e-con-inner\">\n\t\t\t\t<div class=\"elementor-element elementor-element-2d2e538 elementor-widget elementor-widget-heading\" data-id=\"2d2e538\" data-element_type=\"widget\" data-widget_type=\"heading.default\">\n\t\t\t\t<div class=\"elementor-widget-container\">\n\t\t\t\t\t<h3 class=\"elementor-heading-title elementor-size-default\">Investigadoras do CUIP coordenam Training School de Projeto Europeu<\/h3>\t\t\t\t<\/div>\n\t\t\t\t<\/div>\n\t\t\t\t\t<\/div>\n\t\t\t\t<\/div>\n\t\t<div class=\"elementor-element elementor-element-fcf5a43 e-flex e-con-boxed e-con e-parent\" data-id=\"fcf5a43\" data-element_type=\"container\">\n\t\t\t\t\t<div class=\"e-con-inner\">\n\t\t<div class=\"elementor-element elementor-element-5a46d2f e-con-full e-flex e-con e-child\" data-id=\"5a46d2f\" data-element_type=\"container\">\n\t\t\t\t<div class=\"elementor-element elementor-element-1a660b9 elementor-widget elementor-widget-text-editor\" data-id=\"1a660b9\" data-element_type=\"widget\" data-widget_type=\"text-editor.default\">\n\t\t\t\t<div class=\"elementor-widget-container\">\n\t\t\t\t\t\t\t\t\t<p>UAlg acolhe Training School, nos dias 4 e 5 de julho de 2024, sobre apoio a fam\u00edlias e impacto social, no \u00e2mbito do projeto QA[4]EuroFam, financiado pelo COST Innovators Grant, que conta com a participa\u00e7\u00e3o de 22 pa\u00edses, e que tem como objetivo implementar padr\u00f5es de qualidade identificados pelo projeto anterior \u2013 EuroFamNet \u2013 ao n\u00edvel do apoio a fam\u00edlias, bem como da promo\u00e7\u00e3o do bem-estar das crian\u00e7as e fam\u00edlias.<\/p>\n<p>Por Portugal participam como formadoras as investigadoras do CUIP Cristina Nunes e C\u00e1tia Martins.<\/p>\n<\/p>\n<p>(<a href=\"https:\/\/www.algarvenoticias.com\/pt-pt\/noticias\/ualg-acolhe-training-school-sobre-apoio-fam%C3%ADlias-e-impacto-social\" target=\"_blank\" rel=\"noopener\">Link not\u00edcia UAlg<\/a>)<\/p>\n\t\t\t\t\t\t\t\t<\/div>\n\t\t\t\t<\/div>\n\t\t\t\t<\/div>\n\t\t\t\t\t<\/div>\n\t\t\t\t<\/div>\n\t\t<div class=\"elementor-element elementor-element-c686396 e-flex e-con-boxed e-con e-parent\" data-id=\"c686396\" data-element_type=\"container\">\n\t\t\t\t\t<div class=\"e-con-inner\">\n\t\t<div class=\"elementor-element elementor-element-257c87a e-con-full e-flex e-con e-child\" data-id=\"257c87a\" data-element_type=\"container\">\n\t\t\t\t<div class=\"elementor-element elementor-element-6f237a4 elementor-widget__width-initial elementor-widget elementor-widget-image\" data-id=\"6f237a4\" data-element_type=\"widget\" data-widget_type=\"image.default\">\n\t\t\t\t<div class=\"elementor-widget-container\">\n\t\t\t\t\t\t\t\t\t\t\t\t\t\t\t<img fetchpriority=\"high\" decoding=\"async\" width=\"531\" height=\"433\" src=\"https:\/\/cuip.ualg.pt\/wp-content\/uploads\/2024\/07\/Imagem_Eurofam.png\" class=\"attachment-large size-large wp-image-2471\" alt=\"\" srcset=\"https:\/\/cuip.ualg.pt\/wp-content\/uploads\/2024\/07\/Imagem_Eurofam.png 531w, https:\/\/cuip.ualg.pt\/wp-content\/uploads\/2024\/07\/Imagem_Eurofam-300x245.png 300w\" sizes=\"(max-width: 531px) 100vw, 531px\" \/>\t\t\t\t\t\t\t\t\t\t\t\t\t\t\t<\/div>\n\t\t\t\t<\/div>\n\t\t\t\t<\/div>\n\t\t\t\t\t<\/div>\n\t\t\t\t<\/div>\n\t\t\t\t<\/div>\n\t\t","protected":false},"excerpt":{"rendered":"<p>Investigadoras do CUIP coordenam Training School de Projeto Europeu UAlg acolhe Training School, nos dias 4 e 5 de julho de 2024, sobre apoio a fam\u00edlias e impacto social, no \u00e2mbito do projeto QA[4]EuroFam, financiado pelo COST Innovators Grant, que conta com a participa\u00e7\u00e3o de 22 pa\u00edses, e que tem como objetivo implementar padr\u00f5es de<span class=\"post-excerpt-end\">&hellip;<\/span><\/p>\n<p class=\"more-link\"><a href=\"https:\/\/cuip.ualg.pt\/pt-pt\/2024\/07\/04\/reuniao-com-consultores-externos-internacionais-do-cuip-2\/\" class=\"themebutton\">Read More<\/a><\/p>\n","protected":false},"author":2,"featured_media":2450,"comment_status":"closed","ping_status":"closed","sticky":false,"template":"","format":"standard","meta":{"_themeisle_gutenberg_block_has_review":false,"footnotes":""},"categories":[1],"tags":[],"class_list":["post-2447","post","type-post","status-publish","format-standard","has-post-thumbnail","hentry","category-noticias"],"_links":{"self":[{"href":"https:\/\/cuip.ualg.pt\/pt-pt\/wp-json\/wp\/v2\/posts\/2447","targetHints":{"allow":["GET"]}}],"collection":[{"href":"https:\/\/cuip.ualg.pt\/pt-pt\/wp-json\/wp\/v2\/posts"}],"about":[{"href":"https:\/\/cuip.ualg.pt\/pt-pt\/wp-json\/wp\/v2\/types\/post"}],"author":[{"embeddable":true,"href":"https:\/\/cuip.ualg.pt\/pt-pt\/wp-json\/wp\/v2\/users\/2"}],"replies":[{"embeddable":true,"href":"https:\/\/cuip.ualg.pt\/pt-pt\/wp-json\/wp\/v2\/comments?post=2447"}],"version-history":[{"count":10,"href":"https:\/\/cuip.ualg.pt\/pt-pt\/wp-json\/wp\/v2\/posts\/2447\/revisions"}],"predecessor-version":[{"id":2551,"href":"https:\/\/cuip.ualg.pt\/pt-pt\/wp-json\/wp\/v2\/posts\/2447\/revisions\/2551"}],"wp:featuredmedia":[{"embeddable":true,"href":"https:\/\/cuip.ualg.pt\/pt-pt\/wp-json\/wp\/v2\/media\/2450"}],"wp:attachment":[{"href":"https:\/\/cuip.ualg.pt\/pt-pt\/wp-json\/wp\/v2\/media?parent=2447"}],"wp:term":[{"taxonomy":"category","embeddable":true,"href":"https:\/\/cuip.ualg.pt\/pt-pt\/wp-json\/wp\/v2\/categories?post=2447"},{"taxonomy":"post_tag","embeddable":true,"href":"https:\/\/cuip.ualg.pt\/pt-pt\/wp-json\/wp\/v2\/tags?post=2447"}],"curies":[{"name":"wp","href":"https:\/\/api.w.org\/{rel}","templated":true}]}}