{"id":2481,"date":"2024-03-13T14:51:00","date_gmt":"2024-03-13T14:51:00","guid":{"rendered":"https:\/\/cuip.ualg.pt\/?p=2481"},"modified":"2024-07-19T16:25:29","modified_gmt":"2024-07-19T16:25:29","slug":"cuip-no-xxii-encontro-de-psicologia-no-algarve-2","status":"publish","type":"post","link":"https:\/\/cuip.ualg.pt\/pt-pt\/2024\/03\/13\/cuip-no-xxii-encontro-de-psicologia-no-algarve-2\/","title":{"rendered":"Conex\u00f5es entre a Psicologia B\u00e1sica e Aplicada no CUIP"},"content":{"rendered":"\t\t<div data-elementor-type=\"wp-post\" data-elementor-id=\"2481\" class=\"elementor elementor-2481 elementor-2480\" data-elementor-post-type=\"post\">\n\t\t\t\t<div class=\"elementor-element elementor-element-3f086a8 e-flex e-con-boxed e-con e-parent\" data-id=\"3f086a8\" data-element_type=\"container\">\n\t\t\t\t\t<div class=\"e-con-inner\">\n\t\t\t\t<div class=\"elementor-element elementor-element-2d2e538 elementor-widget elementor-widget-heading\" data-id=\"2d2e538\" data-element_type=\"widget\" data-widget_type=\"heading.default\">\n\t\t\t\t<div class=\"elementor-widget-container\">\n\t\t\t\t\t<h3 class=\"elementor-heading-title elementor-size-default\">Atividades de extens\u00e3o do CUIP permitem conex\u00f5es entre a Psicologia B\u00e1sica e Aplicada<\/h3>\t\t\t\t<\/div>\n\t\t\t\t<\/div>\n\t\t\t\t\t<\/div>\n\t\t\t\t<\/div>\n\t\t<div class=\"elementor-element elementor-element-fcf5a43 e-flex e-con-boxed e-con e-parent\" data-id=\"fcf5a43\" data-element_type=\"container\">\n\t\t\t\t\t<div class=\"e-con-inner\">\n\t\t<div class=\"elementor-element elementor-element-5a46d2f e-con-full e-flex e-con e-child\" data-id=\"5a46d2f\" data-element_type=\"container\">\n\t\t\t\t<div class=\"elementor-element elementor-element-1a660b9 elementor-widget elementor-widget-text-editor\" data-id=\"1a660b9\" data-element_type=\"widget\" data-widget_type=\"text-editor.default\">\n\t\t\t\t<div class=\"elementor-widget-container\">\n\t\t\t\t\t\t\t\t\t<p>Alexandra Reis, coordenadora do Grupo de Psicologia B\u00e1sica do CUIP, realizou uma palestra no dia 13 de mar\u00e7o de 2024, contribuindo para uma aproxima\u00e7\u00e3o entre a Psicologia B\u00e1sica e a Psicologia Aplicada, atrav\u00e9s das atividades de extens\u00e3o.<\/p>\n<p>No \u00e2mbito da disciplina de Orienta\u00e7\u00e3o Escolar, os alunos de 8.\u00ba ano deslocaram-se \u00e0 Universidade Do Algarve para assistirem \u00e0 palestra &#8220;Como funciona a nossa mem\u00f3ria?&#8221;<\/p>\n<p>Os alunos refletiram sobre os m\u00e9todos de estudo e aprenderam sobre os v\u00e1rios tipos de mem\u00f3ria, os processos que ocorrem no c\u00e9rebro e como podem melhorar a mem\u00f3ria.<\/p>\n<p>(<a href=\"https:\/\/www.facebook.com\/100063456793099\/posts\/978314257627125\/\" target=\"_blank\" rel=\"noopener\">Link not\u00edcia UAlg<\/a>)<\/p>\n\t\t\t\t\t\t\t\t<\/div>\n\t\t\t\t<\/div>\n\t\t\t\t<\/div>\n\t\t\t\t\t<\/div>\n\t\t\t\t<\/div>\n\t\t<div class=\"elementor-element elementor-element-c686396 e-flex e-con-boxed e-con e-parent\" data-id=\"c686396\" data-element_type=\"container\">\n\t\t\t\t\t<div class=\"e-con-inner\">\n\t\t<div class=\"elementor-element elementor-element-257c87a e-con-full e-flex e-con e-child\" data-id=\"257c87a\" data-element_type=\"container\">\n\t\t\t\t<div class=\"elementor-element elementor-element-6f237a4 elementor-widget__width-initial elementor-widget elementor-widget-image\" data-id=\"6f237a4\" data-element_type=\"widget\" data-widget_type=\"image.default\">\n\t\t\t\t<div class=\"elementor-widget-container\">\n\t\t\t\t\t\t\t\t\t\t\t\t\t\t\t<img fetchpriority=\"high\" decoding=\"async\" width=\"1024\" height=\"768\" src=\"https:\/\/cuip.ualg.pt\/wp-content\/uploads\/2024\/07\/Imagem-1024x768.jpeg\" class=\"attachment-large size-large wp-image-2493\" alt=\"\" srcset=\"https:\/\/cuip.ualg.pt\/wp-content\/uploads\/2024\/07\/Imagem-1024x768.jpeg 1024w, https:\/\/cuip.ualg.pt\/wp-content\/uploads\/2024\/07\/Imagem-300x225.jpeg 300w, https:\/\/cuip.ualg.pt\/wp-content\/uploads\/2024\/07\/Imagem-768x576.jpeg 768w, https:\/\/cuip.ualg.pt\/wp-content\/uploads\/2024\/07\/Imagem-1536x1152.jpeg 1536w, https:\/\/cuip.ualg.pt\/wp-content\/uploads\/2024\/07\/Imagem.jpeg 1600w\" sizes=\"(max-width: 1024px) 100vw, 1024px\" \/>\t\t\t\t\t\t\t\t\t\t\t\t\t\t\t<\/div>\n\t\t\t\t<\/div>\n\t\t\t\t<\/div>\n\t\t\t\t\t<\/div>\n\t\t\t\t<\/div>\n\t\t\t\t<\/div>\n\t\t","protected":false},"excerpt":{"rendered":"<p>Atividades de extens\u00e3o do CUIP permitem conex\u00f5es entre a Psicologia B\u00e1sica e Aplicada Alexandra Reis, coordenadora do Grupo de Psicologia B\u00e1sica do CUIP, realizou uma palestra no dia 13 de mar\u00e7o de 2024, contribuindo para uma aproxima\u00e7\u00e3o entre a Psicologia B\u00e1sica e a Psicologia Aplicada, atrav\u00e9s das atividades de extens\u00e3o. No \u00e2mbito da disciplina de<span class=\"post-excerpt-end\">&hellip;<\/span><\/p>\n<p class=\"more-link\"><a href=\"https:\/\/cuip.ualg.pt\/pt-pt\/2024\/03\/13\/cuip-no-xxii-encontro-de-psicologia-no-algarve-2\/\" class=\"themebutton\">Read More<\/a><\/p>\n","protected":false},"author":2,"featured_media":2360,"comment_status":"closed","ping_status":"closed","sticky":false,"template":"","format":"standard","meta":{"_themeisle_gutenberg_block_has_review":false,"footnotes":""},"categories":[1],"tags":[],"class_list":["post-2481","post","type-post","status-publish","format-standard","has-post-thumbnail","hentry","category-noticias"],"_links":{"self":[{"href":"https:\/\/cuip.ualg.pt\/pt-pt\/wp-json\/wp\/v2\/posts\/2481","targetHints":{"allow":["GET"]}}],"collection":[{"href":"https:\/\/cuip.ualg.pt\/pt-pt\/wp-json\/wp\/v2\/posts"}],"about":[{"href":"https:\/\/cuip.ualg.pt\/pt-pt\/wp-json\/wp\/v2\/types\/post"}],"author":[{"embeddable":true,"href":"https:\/\/cuip.ualg.pt\/pt-pt\/wp-json\/wp\/v2\/users\/2"}],"replies":[{"embeddable":true,"href":"https:\/\/cuip.ualg.pt\/pt-pt\/wp-json\/wp\/v2\/comments?post=2481"}],"version-history":[{"count":7,"href":"https:\/\/cuip.ualg.pt\/pt-pt\/wp-json\/wp\/v2\/posts\/2481\/revisions"}],"predecessor-version":[{"id":2554,"href":"https:\/\/cuip.ualg.pt\/pt-pt\/wp-json\/wp\/v2\/posts\/2481\/revisions\/2554"}],"wp:featuredmedia":[{"embeddable":true,"href":"https:\/\/cuip.ualg.pt\/pt-pt\/wp-json\/wp\/v2\/media\/2360"}],"wp:attachment":[{"href":"https:\/\/cuip.ualg.pt\/pt-pt\/wp-json\/wp\/v2\/media?parent=2481"}],"wp:term":[{"taxonomy":"category","embeddable":true,"href":"https:\/\/cuip.ualg.pt\/pt-pt\/wp-json\/wp\/v2\/categories?post=2481"},{"taxonomy":"post_tag","embeddable":true,"href":"https:\/\/cuip.ualg.pt\/pt-pt\/wp-json\/wp\/v2\/tags?post=2481"}],"curies":[{"name":"wp","href":"https:\/\/api.w.org\/{rel}","templated":true}]}}