{"id":2957,"date":"2024-10-15T08:32:16","date_gmt":"2024-10-15T08:32:16","guid":{"rendered":"https:\/\/cuip.ualg.pt\/?p=2957"},"modified":"2025-12-26T12:24:16","modified_gmt":"2025-12-26T12:24:16","slug":"cuip-organiza-congresso-internacional-nos-acores","status":"publish","type":"post","link":"https:\/\/cuip.ualg.pt\/pt-pt\/2024\/10\/15\/cuip-organiza-congresso-internacional-nos-acores\/","title":{"rendered":"Participa\u00e7\u00e3o no Congresso Internacional de Psicologia Cl\u00ednica<br data-mce-bogus=\"1\">"},"content":{"rendered":"\t\t<div data-elementor-type=\"wp-post\" data-elementor-id=\"2957\" class=\"elementor elementor-2957 elementor-2956\" data-elementor-post-type=\"post\">\n\t\t\t\t<div class=\"elementor-element elementor-element-3f086a8 e-flex e-con-boxed e-con e-parent\" data-id=\"3f086a8\" data-element_type=\"container\">\n\t\t\t\t\t<div class=\"e-con-inner\">\n\t\t\t\t<div class=\"elementor-element elementor-element-2d2e538 elementor-widget elementor-widget-heading\" data-id=\"2d2e538\" data-element_type=\"widget\" data-widget_type=\"heading.default\">\n\t\t\t\t<div class=\"elementor-widget-container\">\n\t\t\t\t\t<h3 class=\"elementor-heading-title elementor-size-default\">Participa\u00e7\u00e3o no Congresso Internacional de Psicologia Cl\u00ednica<br><\/h3>\t\t\t\t<\/div>\n\t\t\t\t<\/div>\n\t\t\t\t\t<\/div>\n\t\t\t\t<\/div>\n\t\t<div class=\"elementor-element elementor-element-fcf5a43 e-flex e-con-boxed e-con e-parent\" data-id=\"fcf5a43\" data-element_type=\"container\">\n\t\t\t\t\t<div class=\"e-con-inner\">\n\t\t<div class=\"elementor-element elementor-element-5a46d2f e-con-full e-flex e-con e-child\" data-id=\"5a46d2f\" data-element_type=\"container\">\n\t\t\t\t<div class=\"elementor-element elementor-element-1a660b9 elementor-widget elementor-widget-text-editor\" data-id=\"1a660b9\" data-element_type=\"widget\" data-widget_type=\"text-editor.default\">\n\t\t\t\t<div class=\"elementor-widget-container\">\n\t\t\t\t\t\t\t\t\t<p>O Coordenador do CUIP foi o \u00fanico portugu\u00eas convidado para apresentar uma confer\u00eancia no \u201c17\u00ba Congresso Internacional de Psicologia Cl\u00ednica\u201d, organizado pela AEPC \u2013 Associa\u00e7\u00e3o Espanhola de Psicologia do Comportamento, cujo Presidente \u00e9 Gualberto Buela-Casal, Consultor Externo do CUIP.<\/p><p>Este Congresso foi realizado de 13 a 15 de novembro de 2024, tendo Sa\u00fal de Jesus apresentado a confer\u00eancia intitulada \u201cIntervention for stress reduction, by the management of beliefs and healthy lifestyles\u201d (<a href=\"https:\/\/www.clinicalpsychologycongress.com\/program\" target=\"_blank\" rel=\"noopener\">https:\/\/www.clinicalpsychologycongress.com\/program<\/a>).<\/p>\t\t\t\t\t\t\t\t<\/div>\n\t\t\t\t<\/div>\n\t\t\t\t<\/div>\n\t\t\t\t\t<\/div>\n\t\t\t\t<\/div>\n\t\t<div class=\"elementor-element elementor-element-d716e54 e-flex e-con-boxed e-con e-parent\" data-id=\"d716e54\" data-element_type=\"container\">\n\t\t\t\t\t<div class=\"e-con-inner\">\n\t\t<div class=\"elementor-element elementor-element-a5e8053 e-con-full e-flex e-con e-child\" data-id=\"a5e8053\" data-element_type=\"container\">\n\t\t\t\t<div class=\"elementor-element elementor-element-714d3e0 elementor-widget__width-initial elementor-widget elementor-widget-image\" data-id=\"714d3e0\" data-element_type=\"widget\" data-widget_type=\"image.default\">\n\t\t\t\t<div class=\"elementor-widget-container\">\n\t\t\t\t\t\t\t\t\t\t\t\t\t\t\t<img fetchpriority=\"high\" decoding=\"async\" width=\"1022\" height=\"576\" src=\"https:\/\/cuip.ualg.pt\/wp-content\/uploads\/2025\/12\/NoticiaCongresso2024.jpg\" class=\"attachment-large size-large wp-image-3818\" alt=\"\" srcset=\"https:\/\/cuip.ualg.pt\/wp-content\/uploads\/2025\/12\/NoticiaCongresso2024.jpg 1022w, https:\/\/cuip.ualg.pt\/wp-content\/uploads\/2025\/12\/NoticiaCongresso2024-300x169.jpg 300w, https:\/\/cuip.ualg.pt\/wp-content\/uploads\/2025\/12\/NoticiaCongresso2024-768x433.jpg 768w\" sizes=\"(max-width: 1022px) 100vw, 1022px\" \/>\t\t\t\t\t\t\t\t\t\t\t\t\t\t\t<\/div>\n\t\t\t\t<\/div>\n\t\t\t\t<\/div>\n\t\t\t\t\t<\/div>\n\t\t\t\t<\/div>\n\t\t\t\t<\/div>\n\t\t","protected":false},"excerpt":{"rendered":"<p>Participa\u00e7\u00e3o no Congresso Internacional de Psicologia Cl\u00ednica O Coordenador do CUIP foi o \u00fanico portugu\u00eas convidado para apresentar uma confer\u00eancia no \u201c17\u00ba Congresso Internacional de Psicologia Cl\u00ednica\u201d, organizado pela AEPC \u2013 Associa\u00e7\u00e3o Espanhola de Psicologia do Comportamento, cujo Presidente \u00e9 Gualberto Buela-Casal, Consultor Externo do CUIP. Este Congresso foi realizado de 13 a 15 de<span class=\"post-excerpt-end\">&hellip;<\/span><\/p>\n<p class=\"more-link\"><a href=\"https:\/\/cuip.ualg.pt\/pt-pt\/2024\/10\/15\/cuip-organiza-congresso-internacional-nos-acores\/\" class=\"themebutton\">Read More<\/a><\/p>\n","protected":false},"author":2,"featured_media":3812,"comment_status":"closed","ping_status":"closed","sticky":false,"template":"","format":"standard","meta":{"_themeisle_gutenberg_block_has_review":false,"footnotes":""},"categories":[1],"tags":[],"class_list":["post-2957","post","type-post","status-publish","format-standard","has-post-thumbnail","hentry","category-noticias"],"_links":{"self":[{"href":"https:\/\/cuip.ualg.pt\/pt-pt\/wp-json\/wp\/v2\/posts\/2957","targetHints":{"allow":["GET"]}}],"collection":[{"href":"https:\/\/cuip.ualg.pt\/pt-pt\/wp-json\/wp\/v2\/posts"}],"about":[{"href":"https:\/\/cuip.ualg.pt\/pt-pt\/wp-json\/wp\/v2\/types\/post"}],"author":[{"embeddable":true,"href":"https:\/\/cuip.ualg.pt\/pt-pt\/wp-json\/wp\/v2\/users\/2"}],"replies":[{"embeddable":true,"href":"https:\/\/cuip.ualg.pt\/pt-pt\/wp-json\/wp\/v2\/comments?post=2957"}],"version-history":[{"count":8,"href":"https:\/\/cuip.ualg.pt\/pt-pt\/wp-json\/wp\/v2\/posts\/2957\/revisions"}],"predecessor-version":[{"id":3821,"href":"https:\/\/cuip.ualg.pt\/pt-pt\/wp-json\/wp\/v2\/posts\/2957\/revisions\/3821"}],"wp:featuredmedia":[{"embeddable":true,"href":"https:\/\/cuip.ualg.pt\/pt-pt\/wp-json\/wp\/v2\/media\/3812"}],"wp:attachment":[{"href":"https:\/\/cuip.ualg.pt\/pt-pt\/wp-json\/wp\/v2\/media?parent=2957"}],"wp:term":[{"taxonomy":"category","embeddable":true,"href":"https:\/\/cuip.ualg.pt\/pt-pt\/wp-json\/wp\/v2\/categories?post=2957"},{"taxonomy":"post_tag","embeddable":true,"href":"https:\/\/cuip.ualg.pt\/pt-pt\/wp-json\/wp\/v2\/tags?post=2957"}],"curies":[{"name":"wp","href":"https:\/\/api.w.org\/{rel}","templated":true}]}}