{"id":2972,"date":"2024-11-04T10:24:14","date_gmt":"2024-11-04T10:24:14","guid":{"rendered":"https:\/\/cuip.ualg.pt\/?p=2972"},"modified":"2024-11-04T10:28:29","modified_gmt":"2024-11-04T10:28:29","slug":"coordenador-do-cuip-entrevista-a-presidente-da-apa","status":"publish","type":"post","link":"https:\/\/cuip.ualg.pt\/pt-pt\/2024\/11\/04\/coordenador-do-cuip-entrevista-a-presidente-da-apa\/","title":{"rendered":"Consultor Externo do CUIP realizou confer\u00eancia na UAlg"},"content":{"rendered":"\t\t<div data-elementor-type=\"wp-post\" data-elementor-id=\"2972\" class=\"elementor elementor-2972 elementor-2971\" data-elementor-post-type=\"post\">\n\t\t\t\t<div class=\"elementor-element elementor-element-3f086a8 e-flex e-con-boxed e-con e-parent\" data-id=\"3f086a8\" data-element_type=\"container\">\n\t\t\t\t\t<div class=\"e-con-inner\">\n\t\t\t\t<div class=\"elementor-element elementor-element-2d2e538 elementor-widget elementor-widget-heading\" data-id=\"2d2e538\" data-element_type=\"widget\" data-widget_type=\"heading.default\">\n\t\t\t\t<div class=\"elementor-widget-container\">\n\t\t\t\t\t<h3 class=\"elementor-heading-title elementor-size-default\">Consultor Externo do CUIP realizou confer\u00eancia na UAlg<\/h3>\t\t\t\t<\/div>\n\t\t\t\t<\/div>\n\t\t\t\t\t<\/div>\n\t\t\t\t<\/div>\n\t\t<div class=\"elementor-element elementor-element-d716e54 e-flex e-con-boxed e-con e-parent\" data-id=\"d716e54\" data-element_type=\"container\">\n\t\t\t\t\t<div class=\"e-con-inner\">\n\t\t<div class=\"elementor-element elementor-element-a5e8053 e-con-full e-flex e-con e-child\" data-id=\"a5e8053\" data-element_type=\"container\">\n\t\t\t\t<div class=\"elementor-element elementor-element-714d3e0 elementor-widget__width-initial elementor-widget elementor-widget-image\" data-id=\"714d3e0\" data-element_type=\"widget\" data-widget_type=\"image.default\">\n\t\t\t\t<div class=\"elementor-widget-container\">\n\t\t\t\t\t\t\t\t\t\t\t\t\t\t\t<img fetchpriority=\"high\" decoding=\"async\" width=\"1024\" height=\"542\" src=\"https:\/\/cuip.ualg.pt\/wp-content\/uploads\/2024\/11\/External-Consultant_1.jpg\" class=\"attachment-large size-large wp-image-2978\" alt=\"\" \/>\t\t\t\t\t\t\t\t\t\t\t\t\t\t\t<\/div>\n\t\t\t\t<\/div>\n\t\t\t\t<\/div>\n\t\t\t\t\t<\/div>\n\t\t\t\t<\/div>\n\t\t<div class=\"elementor-element elementor-element-fcf5a43 e-flex e-con-boxed e-con e-parent\" data-id=\"fcf5a43\" data-element_type=\"container\">\n\t\t\t\t\t<div class=\"e-con-inner\">\n\t\t<div class=\"elementor-element elementor-element-5a46d2f e-con-full e-flex e-con e-child\" data-id=\"5a46d2f\" data-element_type=\"container\">\n\t\t\t\t<div class=\"elementor-element elementor-element-1a660b9 elementor-widget elementor-widget-text-editor\" data-id=\"1a660b9\" data-element_type=\"widget\" data-widget_type=\"text-editor.default\">\n\t\t\t\t<div class=\"elementor-widget-container\">\n\t\t\t\t\t\t\t\t\t<p>James Shepperd, Professor Catedr\u00e1tico da Universidade da Fl\u00f3rida (EUA), esteve na UAlg no dia 31 de outubro, tendo realizado a confer\u00eancia intitulada \u201cWhen and why do people avoid information: A Summary of 15 years of research\u201d, a qual foi do maior interesse para os participantes. Esta colabora\u00e7\u00e3o expressa o contributo dos consultores externos para o desenvolvimento do CUIP. <br \/>Participaram estudantes da rede de doutorandos e membros do CUIP, das v\u00e1rias universidades parceiras, pois a sess\u00e3o tamb\u00e9m foi transmitida online.<br \/>Ap\u00f3s a confer\u00eancia, a doutoranda da Universidade da Fl\u00f3rida, Anais Ortiz, fez a apresenta\u00e7\u00e3o intitulada \u201cMeaning and Transformation in Nature\u201d, em que sintetizou a investiga\u00e7\u00e3o que est\u00e1 a realizar na est\u00e2ncia realizada na UAlg, sob a orienta\u00e7\u00e3o de Sa\u00fal de Jesus (CUIP) e Dora Agapito (CinTurs), expressando a perspetiva interdisciplinar e a colabora\u00e7\u00e3o existente entre o CUIP e outras Unidades de I&amp;D avaliadas com \u201cExcelente\u201d ou \u201cMuito Bom\u201d pela FCT.<\/p>\n\t\t\t\t\t\t\t\t<\/div>\n\t\t\t\t<\/div>\n\t\t\t\t<\/div>\n\t\t\t\t\t<\/div>\n\t\t\t\t<\/div>\n\t\t<div class=\"elementor-element elementor-element-3f65116 e-flex e-con-boxed e-con e-parent\" data-id=\"3f65116\" data-element_type=\"container\">\n\t\t\t\t\t<div class=\"e-con-inner\">\n\t\t<div class=\"elementor-element elementor-element-34f46f0 e-con-full e-flex e-con e-child\" data-id=\"34f46f0\" data-element_type=\"container\">\n\t\t\t\t<div class=\"elementor-element elementor-element-60acfad elementor-widget__width-initial elementor-widget elementor-widget-image\" data-id=\"60acfad\" data-element_type=\"widget\" data-widget_type=\"image.default\">\n\t\t\t\t<div class=\"elementor-widget-container\">\n\t\t\t\t\t\t\t\t\t\t\t\t\t\t\t<img decoding=\"async\" width=\"1024\" height=\"396\" src=\"https:\/\/cuip.ualg.pt\/wp-content\/uploads\/2024\/11\/External-Consultant_2.jpg\" class=\"attachment-large size-large wp-image-2980\" alt=\"\" \/>\t\t\t\t\t\t\t\t\t\t\t\t\t\t\t<\/div>\n\t\t\t\t<\/div>\n\t\t\t\t<\/div>\n\t\t\t\t\t<\/div>\n\t\t\t\t<\/div>\n\t\t\t\t<\/div>\n\t\t","protected":false},"excerpt":{"rendered":"<p>Consultor Externo do CUIP realizou confer\u00eancia na UAlg James Shepperd, Professor Catedr\u00e1tico da Universidade da Fl\u00f3rida (EUA), esteve na UAlg no dia 31 de outubro, tendo realizado a confer\u00eancia intitulada \u201cWhen and why do people avoid information: A Summary of 15 years of research\u201d, a qual foi do maior interesse para os participantes. Esta colabora\u00e7\u00e3o<span class=\"post-excerpt-end\">&hellip;<\/span><\/p>\n<p class=\"more-link\"><a href=\"https:\/\/cuip.ualg.pt\/pt-pt\/2024\/11\/04\/coordenador-do-cuip-entrevista-a-presidente-da-apa\/\" class=\"themebutton\">Read More<\/a><\/p>\n","protected":false},"author":2,"featured_media":2975,"comment_status":"closed","ping_status":"closed","sticky":false,"template":"","format":"standard","meta":{"_themeisle_gutenberg_block_has_review":false,"footnotes":""},"categories":[1],"tags":[],"class_list":["post-2972","post","type-post","status-publish","format-standard","has-post-thumbnail","hentry","category-noticias"],"_links":{"self":[{"href":"https:\/\/cuip.ualg.pt\/pt-pt\/wp-json\/wp\/v2\/posts\/2972","targetHints":{"allow":["GET"]}}],"collection":[{"href":"https:\/\/cuip.ualg.pt\/pt-pt\/wp-json\/wp\/v2\/posts"}],"about":[{"href":"https:\/\/cuip.ualg.pt\/pt-pt\/wp-json\/wp\/v2\/types\/post"}],"author":[{"embeddable":true,"href":"https:\/\/cuip.ualg.pt\/pt-pt\/wp-json\/wp\/v2\/users\/2"}],"replies":[{"embeddable":true,"href":"https:\/\/cuip.ualg.pt\/pt-pt\/wp-json\/wp\/v2\/comments?post=2972"}],"version-history":[{"count":3,"href":"https:\/\/cuip.ualg.pt\/pt-pt\/wp-json\/wp\/v2\/posts\/2972\/revisions"}],"predecessor-version":[{"id":2985,"href":"https:\/\/cuip.ualg.pt\/pt-pt\/wp-json\/wp\/v2\/posts\/2972\/revisions\/2985"}],"wp:featuredmedia":[{"embeddable":true,"href":"https:\/\/cuip.ualg.pt\/pt-pt\/wp-json\/wp\/v2\/media\/2975"}],"wp:attachment":[{"href":"https:\/\/cuip.ualg.pt\/pt-pt\/wp-json\/wp\/v2\/media?parent=2972"}],"wp:term":[{"taxonomy":"category","embeddable":true,"href":"https:\/\/cuip.ualg.pt\/pt-pt\/wp-json\/wp\/v2\/categories?post=2972"},{"taxonomy":"post_tag","embeddable":true,"href":"https:\/\/cuip.ualg.pt\/pt-pt\/wp-json\/wp\/v2\/tags?post=2972"}],"curies":[{"name":"wp","href":"https:\/\/api.w.org\/{rel}","templated":true}]}}