{"id":3025,"date":"2024-11-25T08:52:45","date_gmt":"2024-11-25T08:52:45","guid":{"rendered":"https:\/\/cuip.ualg.pt\/?p=3025"},"modified":"2024-11-25T12:33:52","modified_gmt":"2024-11-25T12:33:52","slug":"2o-webinar-da-rede-de-doutorandos-do-cuip-focado-na-transferencia-de-conhecimento","status":"publish","type":"post","link":"https:\/\/cuip.ualg.pt\/pt-pt\/2024\/11\/25\/2o-webinar-da-rede-de-doutorandos-do-cuip-focado-na-transferencia-de-conhecimento\/","title":{"rendered":"CUIP organiza congresso internacional na Madeira focado nos ODS"},"content":{"rendered":"\t\t<div data-elementor-type=\"wp-post\" data-elementor-id=\"3025\" class=\"elementor elementor-3025 elementor-3024\" data-elementor-post-type=\"post\">\n\t\t\t\t<div class=\"elementor-element elementor-element-3f086a8 e-flex e-con-boxed e-con e-parent\" data-id=\"3f086a8\" data-element_type=\"container\">\n\t\t\t\t\t<div class=\"e-con-inner\">\n\t\t\t\t<div class=\"elementor-element elementor-element-2d2e538 elementor-widget elementor-widget-heading\" data-id=\"2d2e538\" data-element_type=\"widget\" data-widget_type=\"heading.default\">\n\t\t\t\t<div class=\"elementor-widget-container\">\n\t\t\t\t\t<h3 class=\"elementor-heading-title elementor-size-default\">CUIP organiza congresso internacional na Madeira focado nos ODS<\/h3>\t\t\t\t<\/div>\n\t\t\t\t<\/div>\n\t\t\t\t\t<\/div>\n\t\t\t\t<\/div>\n\t\t<div class=\"elementor-element elementor-element-fcf5a43 e-flex e-con-boxed e-con e-parent\" data-id=\"fcf5a43\" data-element_type=\"container\">\n\t\t\t\t\t<div class=\"e-con-inner\">\n\t\t<div class=\"elementor-element elementor-element-5a46d2f e-con-full e-flex e-con e-child\" data-id=\"5a46d2f\" data-element_type=\"container\">\n\t\t\t\t<div class=\"elementor-element elementor-element-1a660b9 elementor-widget elementor-widget-text-editor\" data-id=\"1a660b9\" data-element_type=\"widget\" data-widget_type=\"text-editor.default\">\n\t\t\t\t<div class=\"elementor-widget-container\">\n\t\t\t\t\t\t\t\t\t<p class=\"p1\">Nos dias 13 e 14 de mar\u00e7o de 2025, ter\u00e1 lugar na Madeira o \u201cI Congresso Internacional Perspetivas Multidisciplinares sobre G\u00e9nero e Inclus\u00e3o\u201d, organizado em colabora\u00e7\u00e3o com a CUIP.<br \/>Este Semin\u00e1rio enquadra-se na estrat\u00e9gia de internacionaliza\u00e7\u00e3o da CUIP, sendo a organiza\u00e7\u00e3o de congressos internacionais um dos principais meios de promo\u00e7\u00e3o desta internacionaliza\u00e7\u00e3o.<br \/>Al\u00e9m disso, o tema deste congresso est\u00e1 diretamente relacionado com o alcance dos Objetivos de Desenvolvimento Sustent\u00e1vel (ODS) \u201cigualdade de G\u00e9nero\u201d e \u201cReduzir as Desigualdades\u201d, expressando o foco do CUIP de contribuir para a concretiza\u00e7\u00e3o dos ODS definidos pelas Na\u00e7\u00f5es Unidas para o ano de 2030.<\/p>\n\t\t\t\t\t\t\t\t<\/div>\n\t\t\t\t<\/div>\n\t\t\t\t<\/div>\n\t\t\t\t\t<\/div>\n\t\t\t\t<\/div>\n\t\t<div class=\"elementor-element elementor-element-7a676a8e e-flex e-con-boxed e-con e-parent\" data-id=\"7a676a8e\" data-element_type=\"container\">\n\t\t\t\t\t<div class=\"e-con-inner\">\n\t\t<div class=\"elementor-element elementor-element-7354688c e-con-full e-flex e-con e-child\" data-id=\"7354688c\" data-element_type=\"container\">\n\t\t\t\t<div class=\"elementor-element elementor-element-4a075643 elementor-widget__width-initial elementor-widget elementor-widget-image\" data-id=\"4a075643\" data-element_type=\"widget\" data-widget_type=\"image.default\">\n\t\t\t\t<div class=\"elementor-widget-container\">\n\t\t\t\t\t\t\t\t\t\t\t\t\t\t\t<img fetchpriority=\"high\" decoding=\"async\" width=\"595\" height=\"595\" src=\"https:\/\/cuip.ualg.pt\/wp-content\/uploads\/2024\/11\/Imagem_congresso_Madeira.png\" class=\"attachment-large size-large wp-image-3030\" alt=\"\" \/>\t\t\t\t\t\t\t\t\t\t\t\t\t\t\t<\/div>\n\t\t\t\t<\/div>\n\t\t\t\t<\/div>\n\t\t<div class=\"elementor-element elementor-element-2d41ecc0 e-con-full e-flex e-con e-child\" data-id=\"2d41ecc0\" data-element_type=\"container\">\n\t\t\t\t<\/div>\n\t\t\t\t\t<\/div>\n\t\t\t\t<\/div>\n\t\t\t\t<\/div>\n\t\t","protected":false},"excerpt":{"rendered":"<p>CUIP organiza congresso internacional na Madeira focado nos ODS Nos dias 13 e 14 de mar\u00e7o de 2025, ter\u00e1 lugar na Madeira o \u201cI Congresso Internacional Perspetivas Multidisciplinares sobre G\u00e9nero e Inclus\u00e3o\u201d, organizado em colabora\u00e7\u00e3o com a CUIP.Este Semin\u00e1rio enquadra-se na estrat\u00e9gia de internacionaliza\u00e7\u00e3o da CUIP, sendo a organiza\u00e7\u00e3o de congressos internacionais um dos principais<span class=\"post-excerpt-end\">&hellip;<\/span><\/p>\n<p class=\"more-link\"><a href=\"https:\/\/cuip.ualg.pt\/pt-pt\/2024\/11\/25\/2o-webinar-da-rede-de-doutorandos-do-cuip-focado-na-transferencia-de-conhecimento\/\" class=\"themebutton\">Read More<\/a><\/p>\n","protected":false},"author":2,"featured_media":3028,"comment_status":"closed","ping_status":"closed","sticky":false,"template":"","format":"standard","meta":{"_themeisle_gutenberg_block_has_review":false,"footnotes":""},"categories":[1],"tags":[],"class_list":["post-3025","post","type-post","status-publish","format-standard","has-post-thumbnail","hentry","category-noticias"],"_links":{"self":[{"href":"https:\/\/cuip.ualg.pt\/pt-pt\/wp-json\/wp\/v2\/posts\/3025","targetHints":{"allow":["GET"]}}],"collection":[{"href":"https:\/\/cuip.ualg.pt\/pt-pt\/wp-json\/wp\/v2\/posts"}],"about":[{"href":"https:\/\/cuip.ualg.pt\/pt-pt\/wp-json\/wp\/v2\/types\/post"}],"author":[{"embeddable":true,"href":"https:\/\/cuip.ualg.pt\/pt-pt\/wp-json\/wp\/v2\/users\/2"}],"replies":[{"embeddable":true,"href":"https:\/\/cuip.ualg.pt\/pt-pt\/wp-json\/wp\/v2\/comments?post=3025"}],"version-history":[{"count":3,"href":"https:\/\/cuip.ualg.pt\/pt-pt\/wp-json\/wp\/v2\/posts\/3025\/revisions"}],"predecessor-version":[{"id":3036,"href":"https:\/\/cuip.ualg.pt\/pt-pt\/wp-json\/wp\/v2\/posts\/3025\/revisions\/3036"}],"wp:featuredmedia":[{"embeddable":true,"href":"https:\/\/cuip.ualg.pt\/pt-pt\/wp-json\/wp\/v2\/media\/3028"}],"wp:attachment":[{"href":"https:\/\/cuip.ualg.pt\/pt-pt\/wp-json\/wp\/v2\/media?parent=3025"}],"wp:term":[{"taxonomy":"category","embeddable":true,"href":"https:\/\/cuip.ualg.pt\/pt-pt\/wp-json\/wp\/v2\/categories?post=3025"},{"taxonomy":"post_tag","embeddable":true,"href":"https:\/\/cuip.ualg.pt\/pt-pt\/wp-json\/wp\/v2\/tags?post=3025"}],"curies":[{"name":"wp","href":"https:\/\/api.w.org\/{rel}","templated":true}]}}