{"id":3107,"date":"2024-12-30T14:51:10","date_gmt":"2024-12-30T14:51:10","guid":{"rendered":"https:\/\/cuip.ualg.pt\/?p=3107"},"modified":"2024-12-30T14:59:16","modified_gmt":"2024-12-30T14:59:16","slug":"doutorandos-do-cuip-conseguem-duas-bolsas-europeias","status":"publish","type":"post","link":"https:\/\/cuip.ualg.pt\/pt-pt\/2024\/12\/30\/doutorandos-do-cuip-conseguem-duas-bolsas-europeias\/","title":{"rendered":"II Simp\u00f3sio do CUIP ir\u00e1 juntar os investigadores das 4 universidades"},"content":{"rendered":"\t\t<div data-elementor-type=\"wp-post\" data-elementor-id=\"3107\" class=\"elementor elementor-3107 elementor-3106\" data-elementor-post-type=\"post\">\n\t\t\t\t<div class=\"elementor-element elementor-element-3f086a8 e-flex e-con-boxed e-con e-parent\" data-id=\"3f086a8\" data-element_type=\"container\">\n\t\t\t\t\t<div class=\"e-con-inner\">\n\t\t\t\t<div class=\"elementor-element elementor-element-2d2e538 elementor-widget elementor-widget-heading\" data-id=\"2d2e538\" data-element_type=\"widget\" data-widget_type=\"heading.default\">\n\t\t\t\t<div class=\"elementor-widget-container\">\n\t\t\t\t\t<h3 class=\"elementor-heading-title elementor-size-default\">II Simp\u00f3sio do CUIP ir\u00e1 juntar os investigadores das 4 universidades<\/h3>\t\t\t\t<\/div>\n\t\t\t\t<\/div>\n\t\t\t\t\t<\/div>\n\t\t\t\t<\/div>\n\t\t<div class=\"elementor-element elementor-element-fcf5a43 e-flex e-con-boxed e-con e-parent\" data-id=\"fcf5a43\" data-element_type=\"container\">\n\t\t\t\t\t<div class=\"e-con-inner\">\n\t\t<div class=\"elementor-element elementor-element-5a46d2f e-con-full e-flex e-con e-child\" data-id=\"5a46d2f\" data-element_type=\"container\">\n\t\t\t\t<div class=\"elementor-element elementor-element-1a660b9 elementor-widget elementor-widget-text-editor\" data-id=\"1a660b9\" data-element_type=\"widget\" data-widget_type=\"text-editor.default\">\n\t\t\t\t<div class=\"elementor-widget-container\">\n\t\t\t\t\t\t\t\t\t<p>Um ano depois da realiza\u00e7\u00e3o do primeiro Simp\u00f3sio do CUIP, o qual foi integrado no 22\u00ba Encontro de Psicologia no Algarve, ser\u00e1 realizado o <strong>segundo Simp\u00f3sio do CUIP, no dia 5 de maio de 2025<\/strong>.<\/p><p>Enquanto o primeiro simp\u00f3sio foi realizado de forma remota, o segundo <strong>ter\u00e1 um car\u00e1ter presencial<\/strong>, permitindo juntar os investigadores das quatro universidades que integram o CUIP, constituindo uma oportunidade para partilha de investiga\u00e7\u00f5es em curso e para permitir uma maior aproxima\u00e7\u00e3o dos membros do CUIP na realiza\u00e7\u00e3o de projetos de investiga\u00e7\u00e3o em conjunto no futuro, nas \u00e1reas da Psicologia B\u00e1sica e da Psicologia Aplicada, bem como nas interfaces entre estas.<\/p>\t\t\t\t\t\t\t\t<\/div>\n\t\t\t\t<\/div>\n\t\t\t\t<\/div>\n\t\t\t\t\t<\/div>\n\t\t\t\t<\/div>\n\t\t<div class=\"elementor-element elementor-element-7a676a8e e-flex e-con-boxed e-con e-parent\" data-id=\"7a676a8e\" data-element_type=\"container\">\n\t\t\t\t\t<div class=\"e-con-inner\">\n\t\t<div class=\"elementor-element elementor-element-7354688c e-con-full e-flex e-con e-child\" data-id=\"7354688c\" data-element_type=\"container\">\n\t\t\t\t<div class=\"elementor-element elementor-element-4a075643 elementor-widget__width-initial elementor-widget elementor-widget-image\" data-id=\"4a075643\" data-element_type=\"widget\" data-widget_type=\"image.default\">\n\t\t\t\t<div class=\"elementor-widget-container\">\n\t\t\t\t\t\t\t\t\t\t\t\t\t\t\t<img fetchpriority=\"high\" decoding=\"async\" width=\"729\" height=\"1024\" src=\"https:\/\/cuip.ualg.pt\/wp-content\/uploads\/2024\/12\/Imagem_2simposioCUIP.jpg\" class=\"attachment-large size-large wp-image-3113\" alt=\"\" \/>\t\t\t\t\t\t\t\t\t\t\t\t\t\t\t<\/div>\n\t\t\t\t<\/div>\n\t\t\t\t<\/div>\n\t\t\t\t\t<\/div>\n\t\t\t\t<\/div>\n\t\t\t\t<\/div>\n\t\t","protected":false},"excerpt":{"rendered":"<p>II Simp\u00f3sio do CUIP ir\u00e1 juntar os investigadores das 4 universidades Um ano depois da realiza\u00e7\u00e3o do primeiro Simp\u00f3sio do CUIP, o qual foi integrado no 22\u00ba Encontro de Psicologia no Algarve, ser\u00e1 realizado o segundo Simp\u00f3sio do CUIP, no dia 5 de maio de 2025. Enquanto o primeiro simp\u00f3sio foi realizado de forma remota,<span class=\"post-excerpt-end\">&hellip;<\/span><\/p>\n<p class=\"more-link\"><a href=\"https:\/\/cuip.ualg.pt\/pt-pt\/2024\/12\/30\/doutorandos-do-cuip-conseguem-duas-bolsas-europeias\/\" class=\"themebutton\">Read More<\/a><\/p>\n","protected":false},"author":2,"featured_media":3111,"comment_status":"closed","ping_status":"closed","sticky":false,"template":"","format":"standard","meta":{"_themeisle_gutenberg_block_has_review":false,"footnotes":""},"categories":[1],"tags":[],"class_list":["post-3107","post","type-post","status-publish","format-standard","has-post-thumbnail","hentry","category-noticias"],"_links":{"self":[{"href":"https:\/\/cuip.ualg.pt\/pt-pt\/wp-json\/wp\/v2\/posts\/3107","targetHints":{"allow":["GET"]}}],"collection":[{"href":"https:\/\/cuip.ualg.pt\/pt-pt\/wp-json\/wp\/v2\/posts"}],"about":[{"href":"https:\/\/cuip.ualg.pt\/pt-pt\/wp-json\/wp\/v2\/types\/post"}],"author":[{"embeddable":true,"href":"https:\/\/cuip.ualg.pt\/pt-pt\/wp-json\/wp\/v2\/users\/2"}],"replies":[{"embeddable":true,"href":"https:\/\/cuip.ualg.pt\/pt-pt\/wp-json\/wp\/v2\/comments?post=3107"}],"version-history":[{"count":5,"href":"https:\/\/cuip.ualg.pt\/pt-pt\/wp-json\/wp\/v2\/posts\/3107\/revisions"}],"predecessor-version":[{"id":3124,"href":"https:\/\/cuip.ualg.pt\/pt-pt\/wp-json\/wp\/v2\/posts\/3107\/revisions\/3124"}],"wp:featuredmedia":[{"embeddable":true,"href":"https:\/\/cuip.ualg.pt\/pt-pt\/wp-json\/wp\/v2\/media\/3111"}],"wp:attachment":[{"href":"https:\/\/cuip.ualg.pt\/pt-pt\/wp-json\/wp\/v2\/media?parent=3107"}],"wp:term":[{"taxonomy":"category","embeddable":true,"href":"https:\/\/cuip.ualg.pt\/pt-pt\/wp-json\/wp\/v2\/categories?post=3107"},{"taxonomy":"post_tag","embeddable":true,"href":"https:\/\/cuip.ualg.pt\/pt-pt\/wp-json\/wp\/v2\/tags?post=3107"}],"curies":[{"name":"wp","href":"https:\/\/api.w.org\/{rel}","templated":true}]}}