{"id":3127,"date":"2024-06-26T15:56:13","date_gmt":"2024-06-26T15:56:13","guid":{"rendered":"https:\/\/cuip.ualg.pt\/?p=3127"},"modified":"2025-01-03T16:10:25","modified_gmt":"2025-01-03T16:10:25","slug":"doutorandos-do-cuip-conseguem-duas-bolsas-europeias-2","status":"publish","type":"post","link":"https:\/\/cuip.ualg.pt\/pt-pt\/2024\/06\/26\/doutorandos-do-cuip-conseguem-duas-bolsas-europeias-2\/","title":{"rendered":"Membros do CUIP publicam sobre implica\u00e7\u00f5es pr\u00e1ticas da investiga\u00e7\u00e3o"},"content":{"rendered":"\t\t<div data-elementor-type=\"wp-post\" data-elementor-id=\"3127\" class=\"elementor elementor-3127 elementor-3126\" data-elementor-post-type=\"post\">\n\t\t\t\t<div class=\"elementor-element elementor-element-3f086a8 e-flex e-con-boxed e-con e-parent\" data-id=\"3f086a8\" data-element_type=\"container\">\n\t\t\t\t\t<div class=\"e-con-inner\">\n\t\t\t\t<div class=\"elementor-element elementor-element-2d2e538 elementor-widget elementor-widget-heading\" data-id=\"2d2e538\" data-element_type=\"widget\" data-widget_type=\"heading.default\">\n\t\t\t\t<div class=\"elementor-widget-container\">\n\t\t\t\t\t<h3 class=\"elementor-heading-title elementor-size-default\">Membros do CUIP publicam sobre implica\u00e7\u00f5es pr\u00e1ticas da investiga\u00e7\u00e3o<\/h3>\t\t\t\t<\/div>\n\t\t\t\t<\/div>\n\t\t\t\t\t<\/div>\n\t\t\t\t<\/div>\n\t\t<div class=\"elementor-element elementor-element-fcf5a43 e-flex e-con-boxed e-con e-parent\" data-id=\"fcf5a43\" data-element_type=\"container\">\n\t\t\t\t\t<div class=\"e-con-inner\">\n\t\t<div class=\"elementor-element elementor-element-5a46d2f e-con-full e-flex e-con e-child\" data-id=\"5a46d2f\" data-element_type=\"container\">\n\t\t\t\t<div class=\"elementor-element elementor-element-1a660b9 elementor-widget elementor-widget-text-editor\" data-id=\"1a660b9\" data-element_type=\"widget\" data-widget_type=\"text-editor.default\">\n\t\t\t\t<div class=\"elementor-widget-container\">\n\t\t\t\t\t\t\t\t\t<p>O quarto n\u00famero da Revista Psicologia para Psic\u00f3logos j\u00e1 est\u00e1 dispon\u00edvel em formato digital.<\/p>\n<p>Neste n\u00famero houve colabora\u00e7\u00e3o de investigadores de alguns Centros de Investiga\u00e7\u00e3o em Portugal, nomeadamente do CUIP.<\/p>\n<p>O primeiro n\u00famero desta Revista foi lan\u00e7ado em 2021, tendo periodicidade anual e sendo da responsabilidade do F\u00f3rum Nacional de Psicologia e propriedade da Ordem dos Psic\u00f3logos Portugueses.<\/p>\n<p>Sa\u00fal de Jesus, Coordenador do CUIP e tamb\u00e9m Coordenador do F\u00f3rum Nacional de Psicologia, \u00e9 o Editor desta Revista, sendo Rute Brites membro do Conselho Editorial.<\/p>\n<p>Os artigos publicados abrangem temas diversificados, sendo focados sobre as implica\u00e7\u00f5es pr\u00e1ticas de resultados de investiga\u00e7\u00f5es realizadas no \u00e2mbito da Psicologia. A validade dos resultados dessas investiga\u00e7\u00f5es j\u00e1 se encontra feito previamente pela comunidade cient\u00edfica, pois j\u00e1 devem ter sido apresentados em artigos publicados em revistas indexadas na Scopus ou na Web of Science. Para a Revista Psicologia para Psic\u00f3logos, os artigos devem ser reescritos em portugu\u00eas, de forma sint\u00e9tica e focados nas implica\u00e7\u00f5es pr\u00e1ticas decorrentes das investiga\u00e7\u00f5es realizadas. Conforme \u00e9 referido na Nota Editorial por Sa\u00fal de Jesus, \u201cesta Revista faculta um conhecimento \u00fatil aos psic\u00f3logos que exercem a sua atividade nos contextos profissionais relacionados com os artigos em causa, contribuindo para uma pr\u00e1tica psicol\u00f3gica baseada na evid\u00eancia cient\u00edfica.\u201d   <\/p>\n<p>Este n\u00famero da Revista pode ser visto <a href=\"https:\/\/www.ordemdospsicologos.pt\/ficheiros\/documentos\/opp_psicologiaparapsicologos_digital_pages.pdf\" target=\"_blank\" rel=\"noopener\">aqui<\/a>.<\/p><\/p>\n\t\t\t\t\t\t\t\t<\/div>\n\t\t\t\t<\/div>\n\t\t\t\t<\/div>\n\t\t\t\t\t<\/div>\n\t\t\t\t<\/div>\n\t\t<div class=\"elementor-element elementor-element-7a676a8e e-flex e-con-boxed e-con e-parent\" data-id=\"7a676a8e\" data-element_type=\"container\">\n\t\t\t\t\t<div class=\"e-con-inner\">\n\t\t<div class=\"elementor-element elementor-element-7354688c e-con-full e-flex e-con e-child\" data-id=\"7354688c\" data-element_type=\"container\">\n\t\t\t\t<div class=\"elementor-element elementor-element-4a075643 elementor-widget__width-initial elementor-widget elementor-widget-image\" data-id=\"4a075643\" data-element_type=\"widget\" data-widget_type=\"image.default\">\n\t\t\t\t<div class=\"elementor-widget-container\">\n\t\t\t\t\t\t\t\t\t\t\t\t\t\t\t<img fetchpriority=\"high\" decoding=\"async\" width=\"422\" height=\"232\" src=\"https:\/\/cuip.ualg.pt\/wp-content\/uploads\/2025\/01\/Imagem_RevistaPsicologia4.png\" class=\"attachment-large size-large wp-image-3132\" alt=\"\" srcset=\"https:\/\/cuip.ualg.pt\/wp-content\/uploads\/2025\/01\/Imagem_RevistaPsicologia4.png 422w, https:\/\/cuip.ualg.pt\/wp-content\/uploads\/2025\/01\/Imagem_RevistaPsicologia4-300x165.png 300w\" sizes=\"(max-width: 422px) 100vw, 422px\" \/>\t\t\t\t\t\t\t\t\t\t\t\t\t\t\t<\/div>\n\t\t\t\t<\/div>\n\t\t\t\t<\/div>\n\t\t\t\t\t<\/div>\n\t\t\t\t<\/div>\n\t\t\t\t<\/div>\n\t\t","protected":false},"excerpt":{"rendered":"<p>Membros do CUIP publicam sobre implica\u00e7\u00f5es pr\u00e1ticas da investiga\u00e7\u00e3o O quarto n\u00famero da Revista Psicologia para Psic\u00f3logos j\u00e1 est\u00e1 dispon\u00edvel em formato digital. Neste n\u00famero houve colabora\u00e7\u00e3o de investigadores de alguns Centros de Investiga\u00e7\u00e3o em Portugal, nomeadamente do CUIP. O primeiro n\u00famero desta Revista foi lan\u00e7ado em 2021, tendo periodicidade anual e sendo da responsabilidade<span class=\"post-excerpt-end\">&hellip;<\/span><\/p>\n<p class=\"more-link\"><a href=\"https:\/\/cuip.ualg.pt\/pt-pt\/2024\/06\/26\/doutorandos-do-cuip-conseguem-duas-bolsas-europeias-2\/\" class=\"themebutton\">Read More<\/a><\/p>\n","protected":false},"author":2,"featured_media":3130,"comment_status":"closed","ping_status":"closed","sticky":false,"template":"","format":"standard","meta":{"_themeisle_gutenberg_block_has_review":false,"footnotes":""},"categories":[1],"tags":[],"class_list":["post-3127","post","type-post","status-publish","format-standard","has-post-thumbnail","hentry","category-noticias"],"_links":{"self":[{"href":"https:\/\/cuip.ualg.pt\/pt-pt\/wp-json\/wp\/v2\/posts\/3127","targetHints":{"allow":["GET"]}}],"collection":[{"href":"https:\/\/cuip.ualg.pt\/pt-pt\/wp-json\/wp\/v2\/posts"}],"about":[{"href":"https:\/\/cuip.ualg.pt\/pt-pt\/wp-json\/wp\/v2\/types\/post"}],"author":[{"embeddable":true,"href":"https:\/\/cuip.ualg.pt\/pt-pt\/wp-json\/wp\/v2\/users\/2"}],"replies":[{"embeddable":true,"href":"https:\/\/cuip.ualg.pt\/pt-pt\/wp-json\/wp\/v2\/comments?post=3127"}],"version-history":[{"count":3,"href":"https:\/\/cuip.ualg.pt\/pt-pt\/wp-json\/wp\/v2\/posts\/3127\/revisions"}],"predecessor-version":[{"id":3138,"href":"https:\/\/cuip.ualg.pt\/pt-pt\/wp-json\/wp\/v2\/posts\/3127\/revisions\/3138"}],"wp:featuredmedia":[{"embeddable":true,"href":"https:\/\/cuip.ualg.pt\/pt-pt\/wp-json\/wp\/v2\/media\/3130"}],"wp:attachment":[{"href":"https:\/\/cuip.ualg.pt\/pt-pt\/wp-json\/wp\/v2\/media?parent=3127"}],"wp:term":[{"taxonomy":"category","embeddable":true,"href":"https:\/\/cuip.ualg.pt\/pt-pt\/wp-json\/wp\/v2\/categories?post=3127"},{"taxonomy":"post_tag","embeddable":true,"href":"https:\/\/cuip.ualg.pt\/pt-pt\/wp-json\/wp\/v2\/tags?post=3127"}],"curies":[{"name":"wp","href":"https:\/\/api.w.org\/{rel}","templated":true}]}}