{"id":3226,"date":"2025-01-28T17:31:30","date_gmt":"2025-01-28T17:31:30","guid":{"rendered":"https:\/\/cuip.ualg.pt\/?p=3226"},"modified":"2025-01-28T17:34:35","modified_gmt":"2025-01-28T17:34:35","slug":"ii-simposio-do-cuip-ira-juntar-os-investigadores-das-4-universidades","status":"publish","type":"post","link":"https:\/\/cuip.ualg.pt\/pt-pt\/2025\/01\/28\/ii-simposio-do-cuip-ira-juntar-os-investigadores-das-4-universidades\/","title":{"rendered":"CUIP organiza na Madeira congresso europeu sobre rela\u00e7\u00f5es familiares"},"content":{"rendered":"\t\t<div data-elementor-type=\"wp-post\" data-elementor-id=\"3226\" class=\"elementor elementor-3226 elementor-3225\" data-elementor-post-type=\"post\">\n\t\t\t\t<div class=\"elementor-element elementor-element-3f086a8 e-flex e-con-boxed e-con e-parent\" data-id=\"3f086a8\" data-element_type=\"container\">\n\t\t\t\t\t<div class=\"e-con-inner\">\n\t\t\t\t<div class=\"elementor-element elementor-element-2d2e538 elementor-widget elementor-widget-heading\" data-id=\"2d2e538\" data-element_type=\"widget\" data-widget_type=\"heading.default\">\n\t\t\t\t<div class=\"elementor-widget-container\">\n\t\t\t\t\t<h3 class=\"elementor-heading-title elementor-size-default\">CUIP organiza na Madeira congresso europeu sobre rela\u00e7\u00f5es familiares<\/h3>\t\t\t\t<\/div>\n\t\t\t\t<\/div>\n\t\t\t\t\t<\/div>\n\t\t\t\t<\/div>\n\t\t<div class=\"elementor-element elementor-element-fcf5a43 e-flex e-con-boxed e-con e-parent\" data-id=\"fcf5a43\" data-element_type=\"container\">\n\t\t\t\t\t<div class=\"e-con-inner\">\n\t\t<div class=\"elementor-element elementor-element-5a46d2f e-con-full e-flex e-con e-child\" data-id=\"5a46d2f\" data-element_type=\"container\">\n\t\t\t\t<div class=\"elementor-element elementor-element-1a660b9 elementor-widget elementor-widget-text-editor\" data-id=\"1a660b9\" data-element_type=\"widget\" data-widget_type=\"text-editor.default\">\n\t\t\t\t<div class=\"elementor-widget-container\">\n\t\t\t\t\t\t\t\t\t<p>Entre 25 e 27 de junho de 2025, ter\u00e1 lugar na Madeira o \u201cXII Congresso da Sociedade Europeia de Rela\u00e7\u00f5es Familiares\u201d, subordinado ao tema das fam\u00edlias ao longo do espa\u00e7o e do tempo.<\/p>\n<p>Este congresso \u00e9 organizado em colabora\u00e7\u00e3o com a CUIP, pois alguns membros da organiza\u00e7\u00e3o deste congresso s\u00e3o tamb\u00e9m membros integrados do CUIP, no P\u00f3lo existente na Universidade da Madeira.<\/p>\n<p>Este \u00e9 mais um contributo para a internacionaliza\u00e7\u00e3o do CUIP, atrav\u00e9s da organiza\u00e7\u00e3o de congressos internacionais, permitindo o aprofundamento de colabora\u00e7\u00f5es entre os participantes de v\u00e1rios pa\u00edses.<\/p>\n\t\t\t\t\t\t\t\t<\/div>\n\t\t\t\t<\/div>\n\t\t\t\t<\/div>\n\t\t\t\t\t<\/div>\n\t\t\t\t<\/div>\n\t\t<div class=\"elementor-element elementor-element-7a676a8e e-flex e-con-boxed e-con e-parent\" data-id=\"7a676a8e\" data-element_type=\"container\">\n\t\t\t\t\t<div class=\"e-con-inner\">\n\t\t<div class=\"elementor-element elementor-element-7354688c e-con-full e-flex e-con e-child\" data-id=\"7354688c\" data-element_type=\"container\">\n\t\t\t\t<div class=\"elementor-element elementor-element-4a075643 elementor-widget__width-initial elementor-widget elementor-widget-image\" data-id=\"4a075643\" data-element_type=\"widget\" data-widget_type=\"image.default\">\n\t\t\t\t<div class=\"elementor-widget-container\">\n\t\t\t\t\t\t\t\t\t\t\t\t\t\t\t<img fetchpriority=\"high\" decoding=\"async\" width=\"500\" height=\"704\" src=\"https:\/\/cuip.ualg.pt\/wp-content\/uploads\/2025\/01\/Imagem_CongressoMadeira.jpg\" class=\"attachment-large size-large wp-image-3224\" alt=\"\" srcset=\"https:\/\/cuip.ualg.pt\/wp-content\/uploads\/2025\/01\/Imagem_CongressoMadeira.jpg 500w, https:\/\/cuip.ualg.pt\/wp-content\/uploads\/2025\/01\/Imagem_CongressoMadeira-213x300.jpg 213w\" sizes=\"(max-width: 500px) 100vw, 500px\" \/>\t\t\t\t\t\t\t\t\t\t\t\t\t\t\t<\/div>\n\t\t\t\t<\/div>\n\t\t\t\t<\/div>\n\t\t\t\t\t<\/div>\n\t\t\t\t<\/div>\n\t\t\t\t<\/div>\n\t\t","protected":false},"excerpt":{"rendered":"<p>CUIP organiza na Madeira congresso europeu sobre rela\u00e7\u00f5es familiares Entre 25 e 27 de junho de 2025, ter\u00e1 lugar na Madeira o \u201cXII Congresso da Sociedade Europeia de Rela\u00e7\u00f5es Familiares\u201d, subordinado ao tema das fam\u00edlias ao longo do espa\u00e7o e do tempo. Este congresso \u00e9 organizado em colabora\u00e7\u00e3o com a CUIP, pois alguns membros da<span class=\"post-excerpt-end\">&hellip;<\/span><\/p>\n<p class=\"more-link\"><a href=\"https:\/\/cuip.ualg.pt\/pt-pt\/2025\/01\/28\/ii-simposio-do-cuip-ira-juntar-os-investigadores-das-4-universidades\/\" class=\"themebutton\">Read More<\/a><\/p>\n","protected":false},"author":2,"featured_media":3222,"comment_status":"closed","ping_status":"closed","sticky":false,"template":"","format":"standard","meta":{"_themeisle_gutenberg_block_has_review":false,"footnotes":""},"categories":[],"tags":[],"class_list":["post-3226","post","type-post","status-publish","format-standard","has-post-thumbnail","hentry"],"_links":{"self":[{"href":"https:\/\/cuip.ualg.pt\/pt-pt\/wp-json\/wp\/v2\/posts\/3226","targetHints":{"allow":["GET"]}}],"collection":[{"href":"https:\/\/cuip.ualg.pt\/pt-pt\/wp-json\/wp\/v2\/posts"}],"about":[{"href":"https:\/\/cuip.ualg.pt\/pt-pt\/wp-json\/wp\/v2\/types\/post"}],"author":[{"embeddable":true,"href":"https:\/\/cuip.ualg.pt\/pt-pt\/wp-json\/wp\/v2\/users\/2"}],"replies":[{"embeddable":true,"href":"https:\/\/cuip.ualg.pt\/pt-pt\/wp-json\/wp\/v2\/comments?post=3226"}],"version-history":[{"count":3,"href":"https:\/\/cuip.ualg.pt\/pt-pt\/wp-json\/wp\/v2\/posts\/3226\/revisions"}],"predecessor-version":[{"id":3233,"href":"https:\/\/cuip.ualg.pt\/pt-pt\/wp-json\/wp\/v2\/posts\/3226\/revisions\/3233"}],"wp:featuredmedia":[{"embeddable":true,"href":"https:\/\/cuip.ualg.pt\/pt-pt\/wp-json\/wp\/v2\/media\/3222"}],"wp:attachment":[{"href":"https:\/\/cuip.ualg.pt\/pt-pt\/wp-json\/wp\/v2\/media?parent=3226"}],"wp:term":[{"taxonomy":"category","embeddable":true,"href":"https:\/\/cuip.ualg.pt\/pt-pt\/wp-json\/wp\/v2\/categories?post=3226"},{"taxonomy":"post_tag","embeddable":true,"href":"https:\/\/cuip.ualg.pt\/pt-pt\/wp-json\/wp\/v2\/tags?post=3226"}],"curies":[{"name":"wp","href":"https:\/\/api.w.org\/{rel}","templated":true}]}}