{"id":3285,"date":"2025-01-29T22:22:25","date_gmt":"2025-01-29T22:22:25","guid":{"rendered":"https:\/\/cuip.ualg.pt\/?p=3285"},"modified":"2025-01-29T22:25:52","modified_gmt":"2025-01-29T22:25:52","slug":"cuip-organiza-na-madeira-congresso-europeu-sobre-relacoes-familiares-2","status":"publish","type":"post","link":"https:\/\/cuip.ualg.pt\/pt-pt\/2025\/01\/29\/cuip-organiza-na-madeira-congresso-europeu-sobre-relacoes-familiares-2\/","title":{"rendered":"Grupo de investiga\u00e7\u00e3o do CUIP cria Laborat\u00f3rio de Recursos de Interven\u00e7\u00e3o em Carreiras STEM"},"content":{"rendered":"\t\t<div data-elementor-type=\"wp-post\" data-elementor-id=\"3285\" class=\"elementor elementor-3285 elementor-3284\" data-elementor-post-type=\"post\">\n\t\t\t\t<div class=\"elementor-element elementor-element-3f086a8 e-flex e-con-boxed e-con e-parent\" data-id=\"3f086a8\" data-element_type=\"container\">\n\t\t\t\t\t<div class=\"e-con-inner\">\n\t\t\t\t<div class=\"elementor-element elementor-element-2d2e538 elementor-widget elementor-widget-heading\" data-id=\"2d2e538\" data-element_type=\"widget\" data-widget_type=\"heading.default\">\n\t\t\t\t<div class=\"elementor-widget-container\">\n\t\t\t\t\t<h3 class=\"elementor-heading-title elementor-size-default\">Grupo de investiga\u00e7\u00e3o do CUIP cria Laborat\u00f3rio de Recursos de Interven\u00e7\u00e3o em Carreiras STEM<\/h3>\t\t\t\t<\/div>\n\t\t\t\t<\/div>\n\t\t\t\t\t<\/div>\n\t\t\t\t<\/div>\n\t\t<div class=\"elementor-element elementor-element-fcf5a43 e-flex e-con-boxed e-con e-parent\" data-id=\"fcf5a43\" data-element_type=\"container\">\n\t\t\t\t\t<div class=\"e-con-inner\">\n\t\t<div class=\"elementor-element elementor-element-5a46d2f e-con-full e-flex e-con e-child\" data-id=\"5a46d2f\" data-element_type=\"container\">\n\t\t\t\t<div class=\"elementor-element elementor-element-1a660b9 elementor-widget elementor-widget-text-editor\" data-id=\"1a660b9\" data-element_type=\"widget\" data-widget_type=\"text-editor.default\">\n\t\t\t\t<div class=\"elementor-widget-container\">\n\t\t\t\t\t\t\t\t\t<p>A interven\u00e7\u00e3o na Educa\u00e7\u00e3o STEM tem vindo, cada vez mais, a ser sustentada nas Tecnologias da Informa\u00e7\u00e3o e da Comunica\u00e7\u00e3o (TIC), pelo que, no \u00e2mbito das atividades da equipa de docentes e investigadores do CUIP sobre o desenvolvimento vocacional e gest\u00e3o de carreira, coordenado por V\u00edtor Gamboa, foi criado o Laborat\u00f3rio de Recursos de Interven\u00e7\u00e3o em Carreiras STEM (C-LABRIS), na FCHS da UAlg, visando apoiar a investiga\u00e7\u00e3o e preparar recursos educativos e de carreira para a interven\u00e7\u00e3o no dom\u00ednio STEM, designadamente: edi\u00e7\u00e3o de \u00e1udio e v\u00eddeo, gest\u00e3o de plataformas WEB, constru\u00e7\u00e3o de sistemas de apoio \u00e0 explora\u00e7\u00e3o de recursos de carreira e \u00e0 tomada de decis\u00e3o.<\/p>\n<p>Esta iniciativa ocorre na sequ\u00eancia da p\u00f3s-gradua\u00e7\u00e3o \u201cMetodologias e Ferramentas de Interven\u00e7\u00e3o em Carreiras STEAM\u201d, realizada por este grupo do CUIP, e representa um contributo importante no \u00e2mbito das atividades de investiga\u00e7\u00e3o-a\u00e7\u00e3o em Psicologia Aplicada, desenvolvidas no \u00e2mbito do CUIP.<\/p>\n<p>Recorde-se que, no \u00e2mbito das iniciativas deste grupo, foi recentemente realizada a confer\u00eancia intitulada \u201cOrienta\u00e7\u00e3o profissional, educa\u00e7\u00e3o para a carreira e projeto de vida no Brasil\u201d, por Lucy Leal Melo Silva, Professora Catedr\u00e1tica da Universidade de S\u00e3o Paulo (Brasil), tendo sido j\u00e1 Editora da Revista Brasileira de Orienta\u00e7\u00e3o Profissional (RBOP).<\/p>\n\t\t\t\t\t\t\t\t<\/div>\n\t\t\t\t<\/div>\n\t\t\t\t<\/div>\n\t\t\t\t\t<\/div>\n\t\t\t\t<\/div>\n\t\t<div class=\"elementor-element elementor-element-0307318 e-flex e-con-boxed e-con e-parent\" data-id=\"0307318\" data-element_type=\"container\">\n\t\t\t\t\t<div class=\"e-con-inner\">\n\t\t<div class=\"elementor-element elementor-element-7354688c e-con-full e-flex e-con e-child\" data-id=\"7354688c\" data-element_type=\"container\">\n\t\t\t\t<div class=\"elementor-element elementor-element-4a075643 elementor-widget__width-initial elementor-widget elementor-widget-image\" data-id=\"4a075643\" data-element_type=\"widget\" data-widget_type=\"image.default\">\n\t\t\t\t<div class=\"elementor-widget-container\">\n\t\t\t\t\t\t\t\t\t\t\t\t\t\t\t<img fetchpriority=\"high\" decoding=\"async\" width=\"732\" height=\"500\" src=\"https:\/\/cuip.ualg.pt\/wp-content\/uploads\/2025\/01\/Imagem1_LaboratorioSTEAM.jpg\" class=\"attachment-large size-large wp-image-3241\" alt=\"\" srcset=\"https:\/\/cuip.ualg.pt\/wp-content\/uploads\/2025\/01\/Imagem1_LaboratorioSTEAM.jpg 732w, https:\/\/cuip.ualg.pt\/wp-content\/uploads\/2025\/01\/Imagem1_LaboratorioSTEAM-300x205.jpg 300w\" sizes=\"(max-width: 732px) 100vw, 732px\" \/>\t\t\t\t\t\t\t\t\t\t\t\t\t\t\t<\/div>\n\t\t\t\t<\/div>\n\t\t\t\t<\/div>\n\t\t<div class=\"elementor-element elementor-element-2f3c773 e-con-full e-flex e-con e-child\" data-id=\"2f3c773\" data-element_type=\"container\">\n\t\t\t\t<div class=\"elementor-element elementor-element-62155c9 elementor-widget__width-initial elementor-widget elementor-widget-image\" data-id=\"62155c9\" data-element_type=\"widget\" data-widget_type=\"image.default\">\n\t\t\t\t<div class=\"elementor-widget-container\">\n\t\t\t\t\t\t\t\t\t\t\t\t\t\t\t<img decoding=\"async\" width=\"732\" height=\"382\" src=\"https:\/\/cuip.ualg.pt\/wp-content\/uploads\/2025\/01\/Imagem2_LaboratorioSTEAM.jpg\" class=\"attachment-large size-large wp-image-3243\" alt=\"\" srcset=\"https:\/\/cuip.ualg.pt\/wp-content\/uploads\/2025\/01\/Imagem2_LaboratorioSTEAM.jpg 732w, https:\/\/cuip.ualg.pt\/wp-content\/uploads\/2025\/01\/Imagem2_LaboratorioSTEAM-300x157.jpg 300w\" sizes=\"(max-width: 732px) 100vw, 732px\" \/>\t\t\t\t\t\t\t\t\t\t\t\t\t\t\t<\/div>\n\t\t\t\t<\/div>\n\t\t\t\t<\/div>\n\t\t\t\t\t<\/div>\n\t\t\t\t<\/div>\n\t\t\t\t<\/div>\n\t\t","protected":false},"excerpt":{"rendered":"<p>Grupo de investiga\u00e7\u00e3o do CUIP cria Laborat\u00f3rio de Recursos de Interven\u00e7\u00e3o em Carreiras STEM A interven\u00e7\u00e3o na Educa\u00e7\u00e3o STEM tem vindo, cada vez mais, a ser sustentada nas Tecnologias da Informa\u00e7\u00e3o e da Comunica\u00e7\u00e3o (TIC), pelo que, no \u00e2mbito das atividades da equipa de docentes e investigadores do CUIP sobre o desenvolvimento vocacional e gest\u00e3o<span class=\"post-excerpt-end\">&hellip;<\/span><\/p>\n<p class=\"more-link\"><a href=\"https:\/\/cuip.ualg.pt\/pt-pt\/2025\/01\/29\/cuip-organiza-na-madeira-congresso-europeu-sobre-relacoes-familiares-2\/\" class=\"themebutton\">Read More<\/a><\/p>\n","protected":false},"author":2,"featured_media":3235,"comment_status":"closed","ping_status":"closed","sticky":false,"template":"","format":"standard","meta":{"_themeisle_gutenberg_block_has_review":false,"footnotes":""},"categories":[],"tags":[],"class_list":["post-3285","post","type-post","status-publish","format-standard","has-post-thumbnail","hentry"],"_links":{"self":[{"href":"https:\/\/cuip.ualg.pt\/pt-pt\/wp-json\/wp\/v2\/posts\/3285","targetHints":{"allow":["GET"]}}],"collection":[{"href":"https:\/\/cuip.ualg.pt\/pt-pt\/wp-json\/wp\/v2\/posts"}],"about":[{"href":"https:\/\/cuip.ualg.pt\/pt-pt\/wp-json\/wp\/v2\/types\/post"}],"author":[{"embeddable":true,"href":"https:\/\/cuip.ualg.pt\/pt-pt\/wp-json\/wp\/v2\/users\/2"}],"replies":[{"embeddable":true,"href":"https:\/\/cuip.ualg.pt\/pt-pt\/wp-json\/wp\/v2\/comments?post=3285"}],"version-history":[{"count":3,"href":"https:\/\/cuip.ualg.pt\/pt-pt\/wp-json\/wp\/v2\/posts\/3285\/revisions"}],"predecessor-version":[{"id":3295,"href":"https:\/\/cuip.ualg.pt\/pt-pt\/wp-json\/wp\/v2\/posts\/3285\/revisions\/3295"}],"wp:featuredmedia":[{"embeddable":true,"href":"https:\/\/cuip.ualg.pt\/pt-pt\/wp-json\/wp\/v2\/media\/3235"}],"wp:attachment":[{"href":"https:\/\/cuip.ualg.pt\/pt-pt\/wp-json\/wp\/v2\/media?parent=3285"}],"wp:term":[{"taxonomy":"category","embeddable":true,"href":"https:\/\/cuip.ualg.pt\/pt-pt\/wp-json\/wp\/v2\/categories?post=3285"},{"taxonomy":"post_tag","embeddable":true,"href":"https:\/\/cuip.ualg.pt\/pt-pt\/wp-json\/wp\/v2\/tags?post=3285"}],"curies":[{"name":"wp","href":"https:\/\/api.w.org\/{rel}","templated":true}]}}