{"id":3375,"date":"2025-04-14T17:44:38","date_gmt":"2025-04-14T17:44:38","guid":{"rendered":"https:\/\/cuip.ualg.pt\/?p=3375"},"modified":"2025-04-14T17:49:08","modified_gmt":"2025-04-14T17:49:08","slug":"doutorando-do-cuip-foi-premiado-no-concurso-tres-minutos-de-tese-3mt-da-ualg","status":"publish","type":"post","link":"https:\/\/cuip.ualg.pt\/pt-pt\/2025\/04\/14\/doutorando-do-cuip-foi-premiado-no-concurso-tres-minutos-de-tese-3mt-da-ualg\/","title":{"rendered":"Investigadores do CUIP aprofundam colabora\u00e7\u00f5es no \u00e2mbito da SEA-EU"},"content":{"rendered":"\t\t<div data-elementor-type=\"wp-post\" data-elementor-id=\"3375\" class=\"elementor elementor-3375 elementor-3374\" data-elementor-post-type=\"post\">\n\t\t\t\t<div class=\"elementor-element elementor-element-3f086a8 e-flex e-con-boxed e-con e-parent\" data-id=\"3f086a8\" data-element_type=\"container\">\n\t\t\t\t\t<div class=\"e-con-inner\">\n\t\t\t\t<div class=\"elementor-element elementor-element-2d2e538 elementor-widget elementor-widget-heading\" data-id=\"2d2e538\" data-element_type=\"widget\" data-widget_type=\"heading.default\">\n\t\t\t\t<div class=\"elementor-widget-container\">\n\t\t\t\t\t<h3 class=\"elementor-heading-title elementor-size-default\">Investigadores do CUIP aprofundam colabora\u00e7\u00f5es no \u00e2mbito da SEA-EU<\/h3>\t\t\t\t<\/div>\n\t\t\t\t<\/div>\n\t\t\t\t\t<\/div>\n\t\t\t\t<\/div>\n\t\t<div class=\"elementor-element elementor-element-fcf5a43 e-flex e-con-boxed e-con e-parent\" data-id=\"fcf5a43\" data-element_type=\"container\">\n\t\t\t\t\t<div class=\"e-con-inner\">\n\t\t<div class=\"elementor-element elementor-element-5a46d2f e-con-full e-flex e-con e-child\" data-id=\"5a46d2f\" data-element_type=\"container\">\n\t\t\t\t<div class=\"elementor-element elementor-element-1a660b9 elementor-widget elementor-widget-text-editor\" data-id=\"1a660b9\" data-element_type=\"widget\" data-widget_type=\"text-editor.default\">\n\t\t\t\t<div class=\"elementor-widget-container\">\n\t\t\t\t\t\t\t\t\t<p>Os investigadores do CUIP Sa\u00fal de Jesus e Rui Zacarias participaram na Staff Week \u201cEmpowering Minds: A Staff Week for Mental Health &amp; Neuroinclusive Teaching\u201d, realizada na Universidade de Gdansk (Pol\u00f3nia), entre 7 e 9 de abril, onde tiveram oportunidade de aprofundar colabora\u00e7\u00e3o com os representantes das v\u00e1rias universidades presentes.<\/p><p>Os investigadores tiveram ainda oportunidade para reunir com Ilona Bidzan-Bluma, Professora da Universidade de Gdansk e coorientadora da disserta\u00e7\u00e3o de doutoramento de Rui Zacarias, intitulada \u201cThe Impact of Neurofeedback on the Psychological and Physical Performance of High-Performance Athletes\u201d. Esta tese beneficia de uma bolsa de doutoramento SEA-EU e tem como orientadores pela UAlg Sa\u00fal de Jesus e Jo\u00e3o Correia. <\/p><p>No \u00e2mbito desta mobilidade, foram ainda desenvolvidas perspetivas de colabora\u00e7\u00e3o com o Instituto de Psicologia da Universidade de Gdansk, atrav\u00e9s de Mariola Bidzan, Editora da revista \u201cHealth Psychology Report\u201d, indexada no quartil 2 da Scopus.<\/p><p>O projeto SEA-EU come\u00e7ou em 2019, integrando 9 universidades situadas em 28 cidades de regi\u00f5es costeiras da Europa. Esta Alian\u00e7a Europeia \u00e9 composta pelas universidades de Gdansk, Algarve, Cadiz, Western Brittany, Kiel, Split, Malta, Naples e NORD, cada uma de um pa\u00eds europeu diferente, mas todas comprometidas com o alcance dos Objetivos do Desenvolvimento Sustent\u00e1vel (ODS). <\/p><p>Mais informa\u00e7\u00e3o sobre a Alian\u00e7a SEA-EU pode ser encontrada em <a href=\"https:\/\/sea-eu.org\/\" target=\"_blank\" rel=\"noopener\">https:\/\/sea-eu.org\/<\/a><\/p>\t\t\t\t\t\t\t\t<\/div>\n\t\t\t\t<\/div>\n\t\t\t\t<\/div>\n\t\t\t\t\t<\/div>\n\t\t\t\t<\/div>\n\t\t<div class=\"elementor-element elementor-element-0307318 e-flex e-con-boxed e-con e-parent\" data-id=\"0307318\" data-element_type=\"container\">\n\t\t\t\t\t<div class=\"e-con-inner\">\n\t\t<div class=\"elementor-element elementor-element-7354688c e-con-full e-flex e-con e-child\" data-id=\"7354688c\" data-element_type=\"container\">\n\t\t\t\t<div class=\"elementor-element elementor-element-4a075643 elementor-widget__width-initial elementor-widget elementor-widget-image\" data-id=\"4a075643\" data-element_type=\"widget\" data-widget_type=\"image.default\">\n\t\t\t\t<div class=\"elementor-widget-container\">\n\t\t\t\t\t\t\t\t\t\t\t\t\t\t\t<img fetchpriority=\"high\" decoding=\"async\" width=\"834\" height=\"630\" src=\"https:\/\/cuip.ualg.pt\/wp-content\/uploads\/2025\/04\/Gdansk_2.jpg\" class=\"attachment-large size-large wp-image-3346\" alt=\"\" srcset=\"https:\/\/cuip.ualg.pt\/wp-content\/uploads\/2025\/04\/Gdansk_2.jpg 834w, https:\/\/cuip.ualg.pt\/wp-content\/uploads\/2025\/04\/Gdansk_2-300x227.jpg 300w, https:\/\/cuip.ualg.pt\/wp-content\/uploads\/2025\/04\/Gdansk_2-768x580.jpg 768w\" sizes=\"(max-width: 834px) 100vw, 834px\" \/>\t\t\t\t\t\t\t\t\t\t\t\t\t\t\t<\/div>\n\t\t\t\t<\/div>\n\t\t\t\t<\/div>\n\t\t<div class=\"elementor-element elementor-element-2c79e43 e-con-full e-flex e-con e-child\" data-id=\"2c79e43\" data-element_type=\"container\">\n\t\t\t\t<div class=\"elementor-element elementor-element-93caf32 elementor-widget__width-initial elementor-widget elementor-widget-image\" data-id=\"93caf32\" data-element_type=\"widget\" data-widget_type=\"image.default\">\n\t\t\t\t<div class=\"elementor-widget-container\">\n\t\t\t\t\t\t\t\t\t\t\t\t\t\t\t<img decoding=\"async\" width=\"530\" height=\"630\" src=\"https:\/\/cuip.ualg.pt\/wp-content\/uploads\/2025\/04\/Gdansk_3.jpg\" class=\"attachment-large size-large wp-image-3348\" alt=\"\" srcset=\"https:\/\/cuip.ualg.pt\/wp-content\/uploads\/2025\/04\/Gdansk_3.jpg 530w, https:\/\/cuip.ualg.pt\/wp-content\/uploads\/2025\/04\/Gdansk_3-252x300.jpg 252w\" sizes=\"(max-width: 530px) 100vw, 530px\" \/>\t\t\t\t\t\t\t\t\t\t\t\t\t\t\t<\/div>\n\t\t\t\t<\/div>\n\t\t\t\t<\/div>\n\t\t\t\t\t<\/div>\n\t\t\t\t<\/div>\n\t\t\t\t<\/div>\n\t\t","protected":false},"excerpt":{"rendered":"<p>Investigadores do CUIP aprofundam colabora\u00e7\u00f5es no \u00e2mbito da SEA-EU Os investigadores do CUIP Sa\u00fal de Jesus e Rui Zacarias participaram na Staff Week \u201cEmpowering Minds: A Staff Week for Mental Health &amp; Neuroinclusive Teaching\u201d, realizada na Universidade de Gdansk (Pol\u00f3nia), entre 7 e 9 de abril, onde tiveram oportunidade de aprofundar colabora\u00e7\u00e3o com os representantes<span class=\"post-excerpt-end\">&hellip;<\/span><\/p>\n<p class=\"more-link\"><a href=\"https:\/\/cuip.ualg.pt\/pt-pt\/2025\/04\/14\/doutorando-do-cuip-foi-premiado-no-concurso-tres-minutos-de-tese-3mt-da-ualg\/\" class=\"themebutton\">Read More<\/a><\/p>\n","protected":false},"author":2,"featured_media":3350,"comment_status":"closed","ping_status":"closed","sticky":false,"template":"","format":"standard","meta":{"_themeisle_gutenberg_block_has_review":false,"footnotes":""},"categories":[],"tags":[],"class_list":["post-3375","post","type-post","status-publish","format-standard","has-post-thumbnail","hentry"],"_links":{"self":[{"href":"https:\/\/cuip.ualg.pt\/pt-pt\/wp-json\/wp\/v2\/posts\/3375","targetHints":{"allow":["GET"]}}],"collection":[{"href":"https:\/\/cuip.ualg.pt\/pt-pt\/wp-json\/wp\/v2\/posts"}],"about":[{"href":"https:\/\/cuip.ualg.pt\/pt-pt\/wp-json\/wp\/v2\/types\/post"}],"author":[{"embeddable":true,"href":"https:\/\/cuip.ualg.pt\/pt-pt\/wp-json\/wp\/v2\/users\/2"}],"replies":[{"embeddable":true,"href":"https:\/\/cuip.ualg.pt\/pt-pt\/wp-json\/wp\/v2\/comments?post=3375"}],"version-history":[{"count":3,"href":"https:\/\/cuip.ualg.pt\/pt-pt\/wp-json\/wp\/v2\/posts\/3375\/revisions"}],"predecessor-version":[{"id":3382,"href":"https:\/\/cuip.ualg.pt\/pt-pt\/wp-json\/wp\/v2\/posts\/3375\/revisions\/3382"}],"wp:featuredmedia":[{"embeddable":true,"href":"https:\/\/cuip.ualg.pt\/pt-pt\/wp-json\/wp\/v2\/media\/3350"}],"wp:attachment":[{"href":"https:\/\/cuip.ualg.pt\/pt-pt\/wp-json\/wp\/v2\/media?parent=3375"}],"wp:term":[{"taxonomy":"category","embeddable":true,"href":"https:\/\/cuip.ualg.pt\/pt-pt\/wp-json\/wp\/v2\/categories?post=3375"},{"taxonomy":"post_tag","embeddable":true,"href":"https:\/\/cuip.ualg.pt\/pt-pt\/wp-json\/wp\/v2\/tags?post=3375"}],"curies":[{"name":"wp","href":"https:\/\/api.w.org\/{rel}","templated":true}]}}