{"id":3431,"date":"2025-05-21T16:36:35","date_gmt":"2025-05-21T16:36:35","guid":{"rendered":"https:\/\/cuip.ualg.pt\/?p=3431"},"modified":"2025-05-21T16:47:55","modified_gmt":"2025-05-21T16:47:55","slug":"ii-simposio-do-cuip-contou-com-conferencia-do-consultor-miguel-farias","status":"publish","type":"post","link":"https:\/\/cuip.ualg.pt\/pt-pt\/2025\/05\/21\/ii-simposio-do-cuip-contou-com-conferencia-do-consultor-miguel-farias\/","title":{"rendered":"CUIP participa em projeto internacional interdisciplinar<br data-mce-bogus=\"1\">"},"content":{"rendered":"\t\t<div data-elementor-type=\"wp-post\" data-elementor-id=\"3431\" class=\"elementor elementor-3431 elementor-3430\" data-elementor-post-type=\"post\">\n\t\t\t\t<div class=\"elementor-element elementor-element-3f086a8 e-flex e-con-boxed e-con e-parent\" data-id=\"3f086a8\" data-element_type=\"container\">\n\t\t\t\t\t<div class=\"e-con-inner\">\n\t\t\t\t<div class=\"elementor-element elementor-element-2d2e538 elementor-widget elementor-widget-heading\" data-id=\"2d2e538\" data-element_type=\"widget\" data-widget_type=\"heading.default\">\n\t\t\t\t<div class=\"elementor-widget-container\">\n\t\t\t\t\t<h3 class=\"elementor-heading-title elementor-size-default\">CUIP participa em projeto internacional interdisciplinar<br><\/h3>\t\t\t\t<\/div>\n\t\t\t\t<\/div>\n\t\t\t\t\t<\/div>\n\t\t\t\t<\/div>\n\t\t<div class=\"elementor-element elementor-element-0307318 e-flex e-con-boxed e-con e-parent\" data-id=\"0307318\" data-element_type=\"container\">\n\t\t\t\t\t<div class=\"e-con-inner\">\n\t\t<div class=\"elementor-element elementor-element-7354688c e-con-full e-flex e-con e-child\" data-id=\"7354688c\" data-element_type=\"container\">\n\t\t\t\t<div class=\"elementor-element elementor-element-4a075643 elementor-widget__width-initial elementor-widget elementor-widget-image\" data-id=\"4a075643\" data-element_type=\"widget\" data-widget_type=\"image.default\">\n\t\t\t\t<div class=\"elementor-widget-container\">\n\t\t\t\t\t\t\t\t\t\t\t\t\t\t\t<img fetchpriority=\"high\" decoding=\"async\" width=\"1024\" height=\"635\" src=\"https:\/\/cuip.ualg.pt\/wp-content\/uploads\/2025\/05\/Imagem1_ProjetoInternacionalInterd-1024x635.jpg\" class=\"attachment-large size-large wp-image-3429\" alt=\"\" srcset=\"https:\/\/cuip.ualg.pt\/wp-content\/uploads\/2025\/05\/Imagem1_ProjetoInternacionalInterd-1024x635.jpg 1024w, https:\/\/cuip.ualg.pt\/wp-content\/uploads\/2025\/05\/Imagem1_ProjetoInternacionalInterd-300x186.jpg 300w, https:\/\/cuip.ualg.pt\/wp-content\/uploads\/2025\/05\/Imagem1_ProjetoInternacionalInterd-768x476.jpg 768w, https:\/\/cuip.ualg.pt\/wp-content\/uploads\/2025\/05\/Imagem1_ProjetoInternacionalInterd-1536x953.jpg 1536w, https:\/\/cuip.ualg.pt\/wp-content\/uploads\/2025\/05\/Imagem1_ProjetoInternacionalInterd-2048x1271.jpg 2048w\" sizes=\"(max-width: 1024px) 100vw, 1024px\" \/>\t\t\t\t\t\t\t\t\t\t\t\t\t\t\t<\/div>\n\t\t\t\t<\/div>\n\t\t\t\t<\/div>\n\t\t\t\t\t<\/div>\n\t\t\t\t<\/div>\n\t\t<div class=\"elementor-element elementor-element-fcf5a43 e-flex e-con-boxed e-con e-parent\" data-id=\"fcf5a43\" data-element_type=\"container\">\n\t\t\t\t\t<div class=\"e-con-inner\">\n\t\t<div class=\"elementor-element elementor-element-5a46d2f e-con-full e-flex e-con e-child\" data-id=\"5a46d2f\" data-element_type=\"container\">\n\t\t\t\t<div class=\"elementor-element elementor-element-1a660b9 elementor-widget elementor-widget-text-editor\" data-id=\"1a660b9\" data-element_type=\"widget\" data-widget_type=\"text-editor.default\">\n\t\t\t\t<div class=\"elementor-widget-container\">\n\t\t\t\t\t\t\t\t\t<p>No \u00e2mbito do projeto de investiga\u00e7\u00e3o \u201cLittleFish-STP (S\u00e3o Tom\u00e9 and Pr\u00edncipe little fish threatened &#8211; a big opportunity to unravel this fishery resource in tropical islands)\u201d, financiado pela FCT AGA-KHAN, com o n\u00famero 541718158\/2019, cuja equipa de investiga\u00e7\u00e3o Sa\u00fal de Jesus integra, e ao abrigo de uma bolsa do projeto Erasmus+ ICM UAlg Alliances 2022, o Coordenador do CUIP participou nas atividades realizadas em S\u00e3o Tom\u00e9 e Pr\u00edncipe, no per\u00edodo de 7 a 14 de maio, tendo apresentado alguns dos resultados obtidos no \u00e2mbito deste projeto, nomeadamente aqueles obtidos no estudo do apego ao lugar e da qualidade de vida com uma amostra de 526 habitantes de S\u00e3o Tom\u00e9, em particular pescadores. Al\u00e9m disso, lecionou dois cursos intensivos na Universidade de S\u00e3o Tom\u00e9 e Pr\u00edncipe, um sobre \u201cPromo\u00e7\u00e3o do bem-estar e qualidade de vida\u201d e outro sobre \u201cGest\u00e3o do tempo\u201d.<\/p><p>Nestas atividades participaram ainda Alexandra Teod\u00f3sio, Vice-reitora da UAlg, V\u00e2nia Baptista e Joana Cruz, membros da equipa deste projeto e do CCMar, Unidade de I&amp;D na \u00e1rea das Ci\u00eancias do Mar, avaliada com \u201cExcelente\u201d pela FCT.<\/p><p>Este \u00e9 um exemplo das colabora\u00e7\u00f5es interdisciplinares desenvolvidas pelo CUIP com outras Unidades de I&amp;D de excel\u00eancia, permitindo a realiza\u00e7\u00e3o de investiga\u00e7\u00f5es sobre temas de fronteira da Psicologia com outras \u00e1reas cient\u00edficas e que marcam a especificidade e identidade de algumas das investiga\u00e7\u00f5es realizadas no \u00e2mbito do CUIP.<\/p>\t\t\t\t\t\t\t\t<\/div>\n\t\t\t\t<\/div>\n\t\t\t\t<\/div>\n\t\t\t\t\t<\/div>\n\t\t\t\t<\/div>\n\t\t<div class=\"elementor-element elementor-element-d81aa17 e-flex e-con-boxed e-con e-parent\" data-id=\"d81aa17\" data-element_type=\"container\">\n\t\t\t\t\t<div class=\"e-con-inner\">\n\t\t<div class=\"elementor-element elementor-element-8ea0dbf e-con-full e-flex e-con e-child\" data-id=\"8ea0dbf\" data-element_type=\"container\">\n\t\t\t\t<div class=\"elementor-element elementor-element-79c5145 elementor-widget__width-initial elementor-widget elementor-widget-image\" data-id=\"79c5145\" data-element_type=\"widget\" data-widget_type=\"image.default\">\n\t\t\t\t<div class=\"elementor-widget-container\">\n\t\t\t\t\t\t\t\t\t\t\t\t\t\t\t<img decoding=\"async\" width=\"1024\" height=\"635\" src=\"https:\/\/cuip.ualg.pt\/wp-content\/uploads\/2025\/05\/Imagem2_ProjetoInternacionalInterd-1024x635.jpg\" class=\"attachment-large size-large wp-image-3435\" alt=\"\" srcset=\"https:\/\/cuip.ualg.pt\/wp-content\/uploads\/2025\/05\/Imagem2_ProjetoInternacionalInterd-1024x635.jpg 1024w, https:\/\/cuip.ualg.pt\/wp-content\/uploads\/2025\/05\/Imagem2_ProjetoInternacionalInterd-300x186.jpg 300w, https:\/\/cuip.ualg.pt\/wp-content\/uploads\/2025\/05\/Imagem2_ProjetoInternacionalInterd-768x476.jpg 768w, https:\/\/cuip.ualg.pt\/wp-content\/uploads\/2025\/05\/Imagem2_ProjetoInternacionalInterd-1536x953.jpg 1536w, https:\/\/cuip.ualg.pt\/wp-content\/uploads\/2025\/05\/Imagem2_ProjetoInternacionalInterd-2048x1271.jpg 2048w\" sizes=\"(max-width: 1024px) 100vw, 1024px\" \/>\t\t\t\t\t\t\t\t\t\t\t\t\t\t\t<\/div>\n\t\t\t\t<\/div>\n\t\t\t\t<\/div>\n\t\t<div class=\"elementor-element elementor-element-e3af922 e-con-full e-flex e-con e-child\" data-id=\"e3af922\" data-element_type=\"container\">\n\t\t\t\t<div class=\"elementor-element elementor-element-c3b4aed elementor-widget__width-initial elementor-widget elementor-widget-image\" data-id=\"c3b4aed\" data-element_type=\"widget\" data-widget_type=\"image.default\">\n\t\t\t\t<div class=\"elementor-widget-container\">\n\t\t\t\t\t\t\t\t\t\t\t\t\t\t\t<img decoding=\"async\" width=\"1024\" height=\"635\" src=\"https:\/\/cuip.ualg.pt\/wp-content\/uploads\/2025\/05\/Imagem3_ProjetoInternacionalInterd-1024x635.jpg\" class=\"attachment-large size-large wp-image-3437\" alt=\"\" srcset=\"https:\/\/cuip.ualg.pt\/wp-content\/uploads\/2025\/05\/Imagem3_ProjetoInternacionalInterd-1024x635.jpg 1024w, https:\/\/cuip.ualg.pt\/wp-content\/uploads\/2025\/05\/Imagem3_ProjetoInternacionalInterd-300x186.jpg 300w, https:\/\/cuip.ualg.pt\/wp-content\/uploads\/2025\/05\/Imagem3_ProjetoInternacionalInterd-768x476.jpg 768w, https:\/\/cuip.ualg.pt\/wp-content\/uploads\/2025\/05\/Imagem3_ProjetoInternacionalInterd-1536x953.jpg 1536w, https:\/\/cuip.ualg.pt\/wp-content\/uploads\/2025\/05\/Imagem3_ProjetoInternacionalInterd-2048x1271.jpg 2048w\" sizes=\"(max-width: 1024px) 100vw, 1024px\" \/>\t\t\t\t\t\t\t\t\t\t\t\t\t\t\t<\/div>\n\t\t\t\t<\/div>\n\t\t\t\t<\/div>\n\t\t\t\t\t<\/div>\n\t\t\t\t<\/div>\n\t\t\t\t<\/div>\n\t\t","protected":false},"excerpt":{"rendered":"<p>CUIP participa em projeto internacional interdisciplinar No \u00e2mbito do projeto de investiga\u00e7\u00e3o \u201cLittleFish-STP (S\u00e3o Tom\u00e9 and Pr\u00edncipe little fish threatened &#8211; a big opportunity to unravel this fishery resource in tropical islands)\u201d, financiado pela FCT AGA-KHAN, com o n\u00famero 541718158\/2019, cuja equipa de investiga\u00e7\u00e3o Sa\u00fal de Jesus integra, e ao abrigo de uma bolsa do<span class=\"post-excerpt-end\">&hellip;<\/span><\/p>\n<p class=\"more-link\"><a href=\"https:\/\/cuip.ualg.pt\/pt-pt\/2025\/05\/21\/ii-simposio-do-cuip-contou-com-conferencia-do-consultor-miguel-farias\/\" class=\"themebutton\">Read More<\/a><\/p>\n","protected":false},"author":2,"featured_media":3427,"comment_status":"closed","ping_status":"closed","sticky":false,"template":"","format":"standard","meta":{"_themeisle_gutenberg_block_has_review":false,"footnotes":""},"categories":[],"tags":[],"class_list":["post-3431","post","type-post","status-publish","format-standard","has-post-thumbnail","hentry"],"_links":{"self":[{"href":"https:\/\/cuip.ualg.pt\/pt-pt\/wp-json\/wp\/v2\/posts\/3431","targetHints":{"allow":["GET"]}}],"collection":[{"href":"https:\/\/cuip.ualg.pt\/pt-pt\/wp-json\/wp\/v2\/posts"}],"about":[{"href":"https:\/\/cuip.ualg.pt\/pt-pt\/wp-json\/wp\/v2\/types\/post"}],"author":[{"embeddable":true,"href":"https:\/\/cuip.ualg.pt\/pt-pt\/wp-json\/wp\/v2\/users\/2"}],"replies":[{"embeddable":true,"href":"https:\/\/cuip.ualg.pt\/pt-pt\/wp-json\/wp\/v2\/comments?post=3431"}],"version-history":[{"count":8,"href":"https:\/\/cuip.ualg.pt\/pt-pt\/wp-json\/wp\/v2\/posts\/3431\/revisions"}],"predecessor-version":[{"id":3450,"href":"https:\/\/cuip.ualg.pt\/pt-pt\/wp-json\/wp\/v2\/posts\/3431\/revisions\/3450"}],"wp:featuredmedia":[{"embeddable":true,"href":"https:\/\/cuip.ualg.pt\/pt-pt\/wp-json\/wp\/v2\/media\/3427"}],"wp:attachment":[{"href":"https:\/\/cuip.ualg.pt\/pt-pt\/wp-json\/wp\/v2\/media?parent=3431"}],"wp:term":[{"taxonomy":"category","embeddable":true,"href":"https:\/\/cuip.ualg.pt\/pt-pt\/wp-json\/wp\/v2\/categories?post=3431"},{"taxonomy":"post_tag","embeddable":true,"href":"https:\/\/cuip.ualg.pt\/pt-pt\/wp-json\/wp\/v2\/tags?post=3431"}],"curies":[{"name":"wp","href":"https:\/\/api.w.org\/{rel}","templated":true}]}}