{"id":3469,"date":"2025-06-24T10:37:52","date_gmt":"2025-06-24T10:37:52","guid":{"rendered":"https:\/\/cuip.ualg.pt\/?p=3469"},"modified":"2025-06-24T10:46:22","modified_gmt":"2025-06-24T10:46:22","slug":"cuip-participa-em-projeto-internacional-interdisciplinar","status":"publish","type":"post","link":"https:\/\/cuip.ualg.pt\/pt-pt\/2025\/06\/24\/cuip-participa-em-projeto-internacional-interdisciplinar\/","title":{"rendered":"Projeto de Promo\u00e7\u00e3o de Compet\u00eancias Pr\u00e9-Leitoras desenvolvido por investigadores\u00a0do CUIP reconhecido a n\u00edvel nacional<br>"},"content":{"rendered":"\t\t<div data-elementor-type=\"wp-post\" data-elementor-id=\"3469\" class=\"elementor elementor-3469 elementor-3468\" data-elementor-post-type=\"post\">\n\t\t\t\t<div class=\"elementor-element elementor-element-3f086a8 e-flex e-con-boxed e-con e-parent\" data-id=\"3f086a8\" data-element_type=\"container\">\n\t\t\t\t\t<div class=\"e-con-inner\">\n\t\t\t\t<div class=\"elementor-element elementor-element-2d2e538 elementor-widget elementor-widget-heading\" data-id=\"2d2e538\" data-element_type=\"widget\" data-widget_type=\"heading.default\">\n\t\t\t\t<div class=\"elementor-widget-container\">\n\t\t\t\t\t<h3 class=\"elementor-heading-title elementor-size-default\">Projeto de Promo\u00e7\u00e3o de Compet\u00eancias Pr\u00e9-Leitoras desenvolvido por investigadores do CUIP reconhecido a n\u00edvel nacional<\/h3>\t\t\t\t<\/div>\n\t\t\t\t<\/div>\n\t\t\t\t\t<\/div>\n\t\t\t\t<\/div>\n\t\t<div class=\"elementor-element elementor-element-fcf5a43 e-flex e-con-boxed e-con e-parent\" data-id=\"fcf5a43\" data-element_type=\"container\">\n\t\t\t\t\t<div class=\"e-con-inner\">\n\t\t<div class=\"elementor-element elementor-element-5a46d2f e-con-full e-flex e-con e-child\" data-id=\"5a46d2f\" data-element_type=\"container\">\n\t\t\t\t<div class=\"elementor-element elementor-element-1a660b9 elementor-widget elementor-widget-text-editor\" data-id=\"1a660b9\" data-element_type=\"widget\" data-widget_type=\"text-editor.default\">\n\t\t\t\t<div class=\"elementor-widget-container\">\n\t\t\t\t\t\t\t\t\t<p>O\u00a0Programa de Promo\u00e7\u00e3o de Compet\u00eancias Pr\u00e9-Leitoras (PPCPL), implementado no concelho de Portim\u00e3o, desde o ano letivo 2023\/2024, foi distinguido como exemplo de\u00a0\u201cExcel\u00eancia Aut\u00e1rquica na Educa\u00e7\u00e3o\u201d\u00a0durante o\u00a0\u201cIII Congresso da Cidade Social\u201d, realizado em Vila Nova de Poiares. O pr\u00e9mio foi atribu\u00eddo \u00e0\u00a0Divis\u00e3o de Educa\u00e7\u00e3o da C\u00e2mara Municipal de Portim\u00e3o, que dinamiza o programa.<\/p><p>Desenvolvido com\u00a0coordena\u00e7\u00e3o t\u00e9cnica e cient\u00edfica dos investigadores do CUIP\u00a0e da\u00a0Faculdade de Ci\u00eancias Humanas e Sociais da Universidade do Algarve\u00a0\u2013 Filomena In\u00e1cio, V\u00edtor Gamboa, Lu\u00eds Fa\u00edsca, Alexandra Reis e Beatriz Marcelo \u2013 o PPCPL assenta em evid\u00eancia cient\u00edfica produzida na \u00e1rea da leitura.<\/p><p><strong>Este projeto \u00e9 um exemplo concreto de como a\u00a0investiga\u00e7\u00e3o em Psicologia B\u00e1sica, quando aliada \u00e0\u00a0Psicologia Aplicada, pode gerar impactos reais na comunidade,<\/strong> promovendo a\u00a0transfer\u00eancia efetiva do conhecimento cient\u00edfico\u00a0para o terreno educativo.<\/p><p><strong>A relev\u00e2ncia e o reconhecimento do PPCPL refor\u00e7am uma das\u00a0prioridades estrat\u00e9gicas do CUIP: integrar a investiga\u00e7\u00e3o fundamental com a investiga\u00e7\u00e3o aplicada<\/strong>, contribuindo para o desenvolvimento sustent\u00e1vel das pol\u00edticas p\u00fablicas.<\/p>\t\t\t\t\t\t\t\t<\/div>\n\t\t\t\t<\/div>\n\t\t\t\t<\/div>\n\t\t\t\t\t<\/div>\n\t\t\t\t<\/div>\n\t\t<div class=\"elementor-element elementor-element-0307318 e-flex e-con-boxed e-con e-parent\" data-id=\"0307318\" data-element_type=\"container\">\n\t\t\t\t\t<div class=\"e-con-inner\">\n\t\t<div class=\"elementor-element elementor-element-7354688c e-con-full e-flex e-con e-child\" data-id=\"7354688c\" data-element_type=\"container\">\n\t\t\t\t<div class=\"elementor-element elementor-element-4a075643 elementor-widget__width-initial elementor-widget elementor-widget-image\" data-id=\"4a075643\" data-element_type=\"widget\" data-widget_type=\"image.default\">\n\t\t\t\t<div class=\"elementor-widget-container\">\n\t\t\t\t\t\t\t\t\t\t\t\t\t\t\t<img fetchpriority=\"high\" decoding=\"async\" width=\"850\" height=\"1010\" src=\"https:\/\/cuip.ualg.pt\/wp-content\/uploads\/2025\/06\/SkillsPromotionProject.jpg\" class=\"attachment-large size-large wp-image-3477\" alt=\"\" srcset=\"https:\/\/cuip.ualg.pt\/wp-content\/uploads\/2025\/06\/SkillsPromotionProject.jpg 850w, https:\/\/cuip.ualg.pt\/wp-content\/uploads\/2025\/06\/SkillsPromotionProject-252x300.jpg 252w, https:\/\/cuip.ualg.pt\/wp-content\/uploads\/2025\/06\/SkillsPromotionProject-768x913.jpg 768w\" sizes=\"(max-width: 850px) 100vw, 850px\" \/>\t\t\t\t\t\t\t\t\t\t\t\t\t\t\t<\/div>\n\t\t\t\t<\/div>\n\t\t\t\t<\/div>\n\t\t\t\t\t<\/div>\n\t\t\t\t<\/div>\n\t\t\t\t<\/div>\n\t\t","protected":false},"excerpt":{"rendered":"<p>Projeto de Promo\u00e7\u00e3o de Compet\u00eancias Pr\u00e9-Leitoras desenvolvido por investigadores do CUIP reconhecido a n\u00edvel nacional O\u00a0Programa de Promo\u00e7\u00e3o de Compet\u00eancias Pr\u00e9-Leitoras (PPCPL), implementado no concelho de Portim\u00e3o, desde o ano letivo 2023\/2024, foi distinguido como exemplo de\u00a0\u201cExcel\u00eancia Aut\u00e1rquica na Educa\u00e7\u00e3o\u201d\u00a0durante o\u00a0\u201cIII Congresso da Cidade Social\u201d, realizado em Vila Nova de Poiares. O pr\u00e9mio foi atribu\u00eddo<span class=\"post-excerpt-end\">&hellip;<\/span><\/p>\n<p class=\"more-link\"><a href=\"https:\/\/cuip.ualg.pt\/pt-pt\/2025\/06\/24\/cuip-participa-em-projeto-internacional-interdisciplinar\/\" class=\"themebutton\">Read More<\/a><\/p>\n","protected":false},"author":2,"featured_media":3473,"comment_status":"closed","ping_status":"closed","sticky":false,"template":"","format":"standard","meta":{"_themeisle_gutenberg_block_has_review":false,"footnotes":""},"categories":[1],"tags":[],"class_list":["post-3469","post","type-post","status-publish","format-standard","has-post-thumbnail","hentry","category-noticias"],"_links":{"self":[{"href":"https:\/\/cuip.ualg.pt\/pt-pt\/wp-json\/wp\/v2\/posts\/3469","targetHints":{"allow":["GET"]}}],"collection":[{"href":"https:\/\/cuip.ualg.pt\/pt-pt\/wp-json\/wp\/v2\/posts"}],"about":[{"href":"https:\/\/cuip.ualg.pt\/pt-pt\/wp-json\/wp\/v2\/types\/post"}],"author":[{"embeddable":true,"href":"https:\/\/cuip.ualg.pt\/pt-pt\/wp-json\/wp\/v2\/users\/2"}],"replies":[{"embeddable":true,"href":"https:\/\/cuip.ualg.pt\/pt-pt\/wp-json\/wp\/v2\/comments?post=3469"}],"version-history":[{"count":5,"href":"https:\/\/cuip.ualg.pt\/pt-pt\/wp-json\/wp\/v2\/posts\/3469\/revisions"}],"predecessor-version":[{"id":3484,"href":"https:\/\/cuip.ualg.pt\/pt-pt\/wp-json\/wp\/v2\/posts\/3469\/revisions\/3484"}],"wp:featuredmedia":[{"embeddable":true,"href":"https:\/\/cuip.ualg.pt\/pt-pt\/wp-json\/wp\/v2\/media\/3473"}],"wp:attachment":[{"href":"https:\/\/cuip.ualg.pt\/pt-pt\/wp-json\/wp\/v2\/media?parent=3469"}],"wp:term":[{"taxonomy":"category","embeddable":true,"href":"https:\/\/cuip.ualg.pt\/pt-pt\/wp-json\/wp\/v2\/categories?post=3469"},{"taxonomy":"post_tag","embeddable":true,"href":"https:\/\/cuip.ualg.pt\/pt-pt\/wp-json\/wp\/v2\/tags?post=3469"}],"curies":[{"name":"wp","href":"https:\/\/api.w.org\/{rel}","templated":true}]}}