{"id":3489,"date":"2025-10-04T10:31:00","date_gmt":"2025-10-04T10:31:00","guid":{"rendered":"https:\/\/cuip.ualg.pt\/?p=3489"},"modified":"2025-10-10T16:07:26","modified_gmt":"2025-10-10T16:07:26","slug":"projeto-de-promocao-de-competencias-pre-leitoras-desenvolvido-por-investigadores-do-cuip-reconhecido-a-nivel-nacional","status":"publish","type":"post","link":"https:\/\/cuip.ualg.pt\/pt-pt\/2025\/10\/04\/projeto-de-promocao-de-competencias-pre-leitoras-desenvolvido-por-investigadores-do-cuip-reconhecido-a-nivel-nacional\/","title":{"rendered":"Bolsa de Investiga\u00e7\u00e3o P\u00f3s-Doutoral (BIPD) \u2013 Concurso Internacional Aberto"},"content":{"rendered":"\t\t<div data-elementor-type=\"wp-post\" data-elementor-id=\"3489\" class=\"elementor elementor-3489 elementor-3488\" data-elementor-post-type=\"post\">\n\t\t\t\t<div class=\"elementor-element elementor-element-3f086a8 e-flex e-con-boxed e-con e-parent\" data-id=\"3f086a8\" data-element_type=\"container\">\n\t\t\t\t\t<div class=\"e-con-inner\">\n\t\t\t\t<div class=\"elementor-element elementor-element-2d2e538 elementor-widget elementor-widget-heading\" data-id=\"2d2e538\" data-element_type=\"widget\" data-widget_type=\"heading.default\">\n\t\t\t\t<div class=\"elementor-widget-container\">\n\t\t\t\t\t<h3 class=\"elementor-heading-title elementor-size-default\">Bolsa de Investiga\u00e7\u00e3o P\u00f3s-Doutoral (BIPD) \u2013 Concurso Internacional Aberto<\/h3>\t\t\t\t<\/div>\n\t\t\t\t<\/div>\n\t\t\t\t\t<\/div>\n\t\t\t\t<\/div>\n\t\t<div class=\"elementor-element elementor-element-fcf5a43 e-flex e-con-boxed e-con e-parent\" data-id=\"fcf5a43\" data-element_type=\"container\">\n\t\t\t\t\t<div class=\"e-con-inner\">\n\t\t<div class=\"elementor-element elementor-element-5a46d2f e-con-full e-flex e-con e-child\" data-id=\"5a46d2f\" data-element_type=\"container\">\n\t\t\t\t<div class=\"elementor-element elementor-element-4a075643 elementor-widget__width-initial elementor-widget elementor-widget-image\" data-id=\"4a075643\" data-element_type=\"widget\" data-widget_type=\"image.default\">\n\t\t\t\t<div class=\"elementor-widget-container\">\n\t\t\t\t\t\t\t\t\t\t\t\t\t\t\t<img fetchpriority=\"high\" decoding=\"async\" width=\"1024\" height=\"576\" src=\"https:\/\/cuip.ualg.pt\/wp-content\/uploads\/2025\/10\/Anuncio_PT-1024x576.jpg\" class=\"attachment-large size-large wp-image-3659\" alt=\"\" srcset=\"https:\/\/cuip.ualg.pt\/wp-content\/uploads\/2025\/10\/Anuncio_PT-1024x576.jpg 1024w, https:\/\/cuip.ualg.pt\/wp-content\/uploads\/2025\/10\/Anuncio_PT-300x169.jpg 300w, https:\/\/cuip.ualg.pt\/wp-content\/uploads\/2025\/10\/Anuncio_PT-768x432.jpg 768w, https:\/\/cuip.ualg.pt\/wp-content\/uploads\/2025\/10\/Anuncio_PT.jpg 1280w\" sizes=\"(max-width: 1024px) 100vw, 1024px\" \/>\t\t\t\t\t\t\t\t\t\t\t\t\t\t\t<\/div>\n\t\t\t\t<\/div>\n\t\t\t\t<div class=\"elementor-element elementor-element-1a660b9 elementor-widget elementor-widget-text-editor\" data-id=\"1a660b9\" data-element_type=\"widget\" data-widget_type=\"text-editor.default\">\n\t\t\t\t<div class=\"elementor-widget-container\">\n\t\t\t\t\t\t\t\t\t<p>Encontra-se aberto, entre 2 e 27 outubro de 2025, o concurso BIPD_2_2025_LISBOA2030-FEDER-0092240014722\/FCT2023.18178.IC&amp;DT para a contrata\u00e7\u00e3o de um(a) bolseiro(a), no \u00e2mbito do projeto \u201c<strong>SignPain \u2013 Facilitar a comunica\u00e7\u00e3o sobre a dor entre pacientes surdos e profissionais de sa\u00fade atrav\u00e9s de uma interven\u00e7\u00e3o digital<\/strong>\u201d.<\/p><p>Este projeto tem como objetivo desenvolver o prot\u00f3tipo de interven\u00e7\u00e3o SignPain, um modelo de interven\u00e7\u00e3o digital baseado no modelo de comunica\u00e7\u00e3o social da dor. Ser\u00e1 desenvolvido para apoiar a comunica\u00e7\u00e3o da dor entre pacientes surdos e profissionais de sa\u00fade. Insere-se na atividade cient\u00edfica do CUIP, e decorre na Universidade Aut\u00f3noma de Lisboa.<\/p><p>\u00a0<\/p><p><strong>Requisitos de candidatura: <\/strong><\/p><p>Grau de doutor em Psicologia ou \u00e1reas afins, obtido nos tr\u00eas anos anteriores \u00e0 data da submiss\u00e3o da candidatura \u00e0 bolsa<\/p><p>\u00a0<\/p><p><strong>Compet\u00eancias preferenciais: <\/strong><\/p><ul><li>Conhecimentos cient\u00edficos e dom\u00ednio de t\u00e9cnicas\/metodologias qualitativas e quantitativas, com especial \u00eanfase em metodologias qualitativas<\/li><li>Experi\u00eancia na recolha e an\u00e1lise de dados qualitativos e quantitativos com suporte em softwares como, por exemplo, MAXQDA, SPSS ou R<\/li><li>Publica\u00e7\u00e3o de artigos cient\u00edficos<\/li><li>Flu\u00eancia em l\u00edngua inglesa para publica\u00e7\u00e3o e colabora\u00e7\u00e3o internacional<\/li><li>Flexibilidade e capacidade de trabalho aut\u00f3nomo e em equipa multidisciplinar no desenvolvimento de atividades cient\u00edficas<\/li><\/ul><p>\u00a0<\/p><p><strong>Prazo de candidatura<\/strong>: at\u00e9 \u00e0s 23h59 do dia 27 de outubro de 2025 (hora de Lisboa)<\/p><p><strong>Para mais informa\u00e7\u00f5es: <\/strong><a href=\"https:\/\/euraxess.ec.europa.eu\/jobs\/378054\" target=\"_blank\" rel=\"noopener\"><strong>https:\/\/euraxess.ec.europa.eu\/jobs\/378054<\/strong><\/a><\/p>\t\t\t\t\t\t\t\t<\/div>\n\t\t\t\t<\/div>\n\t\t\t\t<\/div>\n\t\t\t\t\t<\/div>\n\t\t\t\t<\/div>\n\t\t<div class=\"elementor-element elementor-element-0307318 e-flex e-con-boxed e-con e-parent\" data-id=\"0307318\" data-element_type=\"container\">\n\t\t\t\t\t<div class=\"e-con-inner\">\n\t\t<div class=\"elementor-element elementor-element-7354688c e-con-full e-flex e-con e-child\" data-id=\"7354688c\" data-element_type=\"container\">\n\t\t\t\t<\/div>\n\t\t\t\t\t<\/div>\n\t\t\t\t<\/div>\n\t\t\t\t<\/div>\n\t\t","protected":false},"excerpt":{"rendered":"<p>Bolsa de Investiga\u00e7\u00e3o P\u00f3s-Doutoral (BIPD) \u2013 Concurso Internacional Aberto Encontra-se aberto, entre 2 e 27 outubro de 2025, o concurso BIPD_2_2025_LISBOA2030-FEDER-0092240014722\/FCT2023.18178.IC&amp;DT para a contrata\u00e7\u00e3o de um(a) bolseiro(a), no \u00e2mbito do projeto \u201cSignPain \u2013 Facilitar a comunica\u00e7\u00e3o sobre a dor entre pacientes surdos e profissionais de sa\u00fade atrav\u00e9s de uma interven\u00e7\u00e3o digital\u201d. Este projeto tem como<span class=\"post-excerpt-end\">&hellip;<\/span><\/p>\n<p class=\"more-link\"><a href=\"https:\/\/cuip.ualg.pt\/pt-pt\/2025\/10\/04\/projeto-de-promocao-de-competencias-pre-leitoras-desenvolvido-por-investigadores-do-cuip-reconhecido-a-nivel-nacional\/\" class=\"themebutton\">Read More<\/a><\/p>\n","protected":false},"author":2,"featured_media":3657,"comment_status":"closed","ping_status":"closed","sticky":false,"template":"","format":"standard","meta":{"_themeisle_gutenberg_block_has_review":false,"footnotes":""},"categories":[1],"tags":[],"class_list":["post-3489","post","type-post","status-publish","format-standard","has-post-thumbnail","hentry","category-noticias"],"_links":{"self":[{"href":"https:\/\/cuip.ualg.pt\/pt-pt\/wp-json\/wp\/v2\/posts\/3489","targetHints":{"allow":["GET"]}}],"collection":[{"href":"https:\/\/cuip.ualg.pt\/pt-pt\/wp-json\/wp\/v2\/posts"}],"about":[{"href":"https:\/\/cuip.ualg.pt\/pt-pt\/wp-json\/wp\/v2\/types\/post"}],"author":[{"embeddable":true,"href":"https:\/\/cuip.ualg.pt\/pt-pt\/wp-json\/wp\/v2\/users\/2"}],"replies":[{"embeddable":true,"href":"https:\/\/cuip.ualg.pt\/pt-pt\/wp-json\/wp\/v2\/comments?post=3489"}],"version-history":[{"count":12,"href":"https:\/\/cuip.ualg.pt\/pt-pt\/wp-json\/wp\/v2\/posts\/3489\/revisions"}],"predecessor-version":[{"id":3663,"href":"https:\/\/cuip.ualg.pt\/pt-pt\/wp-json\/wp\/v2\/posts\/3489\/revisions\/3663"}],"wp:featuredmedia":[{"embeddable":true,"href":"https:\/\/cuip.ualg.pt\/pt-pt\/wp-json\/wp\/v2\/media\/3657"}],"wp:attachment":[{"href":"https:\/\/cuip.ualg.pt\/pt-pt\/wp-json\/wp\/v2\/media?parent=3489"}],"wp:term":[{"taxonomy":"category","embeddable":true,"href":"https:\/\/cuip.ualg.pt\/pt-pt\/wp-json\/wp\/v2\/categories?post=3489"},{"taxonomy":"post_tag","embeddable":true,"href":"https:\/\/cuip.ualg.pt\/pt-pt\/wp-json\/wp\/v2\/tags?post=3489"}],"curies":[{"name":"wp","href":"https:\/\/api.w.org\/{rel}","templated":true}]}}