{"id":3522,"date":"2025-03-14T17:43:00","date_gmt":"2025-03-14T17:43:00","guid":{"rendered":"https:\/\/cuip.ualg.pt\/?p=3522"},"modified":"2025-08-14T17:55:36","modified_gmt":"2025-08-14T17:55:36","slug":"concurso-internacional-para-bolsa-de-investigacao-pos-doutoral-bipd","status":"publish","type":"post","link":"https:\/\/cuip.ualg.pt\/pt-pt\/2025\/03\/14\/concurso-internacional-para-bolsa-de-investigacao-pos-doutoral-bipd\/","title":{"rendered":"1\u00aa edi\u00e7\u00e3o do Programa Mentoria por Pares do CUIP foi conclu\u00edda"},"content":{"rendered":"\t\t<div data-elementor-type=\"wp-post\" data-elementor-id=\"3522\" class=\"elementor elementor-3522 elementor-3521\" data-elementor-post-type=\"post\">\n\t\t\t\t<div class=\"elementor-element elementor-element-3f086a8 e-flex e-con-boxed e-con e-parent\" data-id=\"3f086a8\" data-element_type=\"container\">\n\t\t\t\t\t<div class=\"e-con-inner\">\n\t\t\t\t<div class=\"elementor-element elementor-element-2d2e538 elementor-widget elementor-widget-heading\" data-id=\"2d2e538\" data-element_type=\"widget\" data-widget_type=\"heading.default\">\n\t\t\t\t<div class=\"elementor-widget-container\">\n\t\t\t\t\t<h3 class=\"elementor-heading-title elementor-size-default\">1\u00aa edi\u00e7\u00e3o do Programa Mentoria por Pares do CUIP foi conclu\u00edda<\/h3>\t\t\t\t<\/div>\n\t\t\t\t<\/div>\n\t\t\t\t\t<\/div>\n\t\t\t\t<\/div>\n\t\t<div class=\"elementor-element elementor-element-0307318 e-flex e-con-boxed e-con e-parent\" data-id=\"0307318\" data-element_type=\"container\">\n\t\t\t\t\t<div class=\"e-con-inner\">\n\t\t<div class=\"elementor-element elementor-element-7354688c e-con-full e-flex e-con e-child\" data-id=\"7354688c\" data-element_type=\"container\">\n\t\t\t\t<div class=\"elementor-element elementor-element-4a075643 elementor-widget__width-initial elementor-widget elementor-widget-image\" data-id=\"4a075643\" data-element_type=\"widget\" data-widget_type=\"image.default\">\n\t\t\t\t<div class=\"elementor-widget-container\">\n\t\t\t\t\t\t\t\t\t\t\t\t\t\t\t<img fetchpriority=\"high\" decoding=\"async\" width=\"212\" height=\"300\" src=\"https:\/\/cuip.ualg.pt\/wp-content\/uploads\/2025\/03\/Noticia_mentoria_por_paresPT-1-212x300.jpg\" class=\"attachment-medium size-medium wp-image-3540\" alt=\"\" srcset=\"https:\/\/cuip.ualg.pt\/wp-content\/uploads\/2025\/03\/Noticia_mentoria_por_paresPT-1-212x300.jpg 212w, https:\/\/cuip.ualg.pt\/wp-content\/uploads\/2025\/03\/Noticia_mentoria_por_paresPT-1-723x1024.jpg 723w, https:\/\/cuip.ualg.pt\/wp-content\/uploads\/2025\/03\/Noticia_mentoria_por_paresPT-1-768x1088.jpg 768w, https:\/\/cuip.ualg.pt\/wp-content\/uploads\/2025\/03\/Noticia_mentoria_por_paresPT-1.jpg 900w\" sizes=\"(max-width: 212px) 100vw, 212px\" \/>\t\t\t\t\t\t\t\t\t\t\t\t\t\t\t<\/div>\n\t\t\t\t<\/div>\n\t\t\t\t<\/div>\n\t\t\t\t\t<\/div>\n\t\t\t\t<\/div>\n\t\t<div class=\"elementor-element elementor-element-fcf5a43 e-flex e-con-boxed e-con e-parent\" data-id=\"fcf5a43\" data-element_type=\"container\">\n\t\t\t\t\t<div class=\"e-con-inner\">\n\t\t<div class=\"elementor-element elementor-element-5a46d2f e-con-full e-flex e-con e-child\" data-id=\"5a46d2f\" data-element_type=\"container\">\n\t\t\t\t<div class=\"elementor-element elementor-element-1a660b9 elementor-widget elementor-widget-text-editor\" data-id=\"1a660b9\" data-element_type=\"widget\" data-widget_type=\"text-editor.default\">\n\t\t\t\t<div class=\"elementor-widget-container\">\n\t\t\t\t\t\t\t\t\t<p>Terminou a 1.\u00aa Edi\u00e7\u00e3o do Programa de Mentoria por Pares do CUIP, uma iniciativa da Rede de Doutorandos, em que participaram v\u00e1rios estudantes do doutoramento em Psicologia da UAlg, como mentores ou como mentorandos.<\/p><p>Esta iniciativa pretendeu apoiar a integra\u00e7\u00e3o social e acad\u00e9mica dos doutorandos de 1.\u00ba ano (mentorandos), atrav\u00e9s da partilha de experi\u00eancias com colegas mais avan\u00e7ados neste ciclo de estudos (mentores). Todos os mentores beneficiaram de um curso online focado no treino de compet\u00eancias transversais, como a gest\u00e3o do tempo e a resolu\u00e7\u00e3o de problemas. Foram tamb\u00e9m disponibilizados recursos \u00fateis para o apoio de mentoria, como um conjunto de dicas para o sucesso da rela\u00e7\u00e3o de mentoria e o Plano de Mentoria.<\/p><p>O Programa de Mentoria foi dinamizado no \u00e2mbito do projeto de doutoramento \u201cMentoria Formal por Pares no Ensino Superior &#8211; Compara\u00e7\u00e3o entre os Formatos de Mentoria Individual e de Mentoria em Grupo\u201d, desenvolvido por Mariana Guerreiro, bolseira de doutoramento da FCT.<\/p><p>Alguns dos mentores e mentorandos partilharam o seu testemunho, manifestando a import\u00e2ncia e a satisfa\u00e7\u00e3o por participarem neste programa:<\/p><p><em>\u201c<\/em><em>Ser mentora foi uma jornada de partilha, crescimento e reencontro comigo mesma. Acompanhar <\/em><em>uma colega doutoranda foi um privil\u00e9gio que me ensinou tanto quanto espero ter contribu\u00eddo. Destaco, com especial apre\u00e7o, a forma\u00e7\u00e3o de mentores, que me preparou de forma s\u00f3lida e consciente para desempenhar este papel com responsabilidade, \u00e9tica e proximidade. Grata por cada passo partilhado neste caminho.\u201d<\/em> (Ana Paula Ruiz, mentora)<\/p><p><em>\u201cSer mentor foi uma experi\u00eancia enriquecedora que fortaleceu o meu desenvolvimento pessoal e interpessoal. Este ano, renovo o compromisso de continuar a crescer e a apoiar quem inicia o seu percurso acad\u00e9mico.\u201d<\/em> (Pedro Coelho, mentor)<\/p><p><em>\u201cSer mentoranda permitiu-me sentir maior proximidade, seguran\u00e7a e compreens\u00e3o do modo de funcionamento das unidades curriculares. Mas o mais importante foi sentir que tinha algu\u00e9m com quem partilhar as minhas inquieta\u00e7\u00f5es e que me guiou no processo, estando sempre dispon\u00edvel para esclarecer todas as d\u00favidas e partilhar os seus pr\u00f3prios recursos. \u00c9 um privil\u00e9gio viver esta experi\u00eancia e em breve irei poder retribuir tudo o que este projeto me permitiu viver, desempenhando o papel\u00a0de\u00a0mentora.\u201d<\/em> (Rita dos Santos, mentoranda)<\/p><p><em>\u201cRegressar \u00e0 universidade, passado alguns anos da anterior forma\u00e7\u00e3o, ser trabalhadora-estudante e, em tempos de tantas mudan\u00e7as, existir um programa com estes objetivos e caracter\u00edsticas \u00e9 uma mais-valia e uma alavanca motivacional e de partilha que considero muito importante para o processo acad\u00e9mico. Obrigada.\u201d<\/em> (S\u00edlvia Teixeira, mentoranda)<\/p>\t\t\t\t\t\t\t\t<\/div>\n\t\t\t\t<\/div>\n\t\t\t\t<\/div>\n\t\t\t\t\t<\/div>\n\t\t\t\t<\/div>\n\t\t\t\t<\/div>\n\t\t","protected":false},"excerpt":{"rendered":"<p>1\u00aa edi\u00e7\u00e3o do Programa Mentoria por Pares do CUIP foi conclu\u00edda Terminou a 1.\u00aa Edi\u00e7\u00e3o do Programa de Mentoria por Pares do CUIP, uma iniciativa da Rede de Doutorandos, em que participaram v\u00e1rios estudantes do doutoramento em Psicologia da UAlg, como mentores ou como mentorandos. Esta iniciativa pretendeu apoiar a integra\u00e7\u00e3o social e acad\u00e9mica dos<span class=\"post-excerpt-end\">&hellip;<\/span><\/p>\n<p class=\"more-link\"><a href=\"https:\/\/cuip.ualg.pt\/pt-pt\/2025\/03\/14\/concurso-internacional-para-bolsa-de-investigacao-pos-doutoral-bipd\/\" class=\"themebutton\">Read More<\/a><\/p>\n","protected":false},"author":2,"featured_media":3526,"comment_status":"closed","ping_status":"closed","sticky":false,"template":"","format":"standard","meta":{"_themeisle_gutenberg_block_has_review":false,"footnotes":""},"categories":[1],"tags":[],"class_list":["post-3522","post","type-post","status-publish","format-standard","has-post-thumbnail","hentry","category-noticias"],"_links":{"self":[{"href":"https:\/\/cuip.ualg.pt\/pt-pt\/wp-json\/wp\/v2\/posts\/3522","targetHints":{"allow":["GET"]}}],"collection":[{"href":"https:\/\/cuip.ualg.pt\/pt-pt\/wp-json\/wp\/v2\/posts"}],"about":[{"href":"https:\/\/cuip.ualg.pt\/pt-pt\/wp-json\/wp\/v2\/types\/post"}],"author":[{"embeddable":true,"href":"https:\/\/cuip.ualg.pt\/pt-pt\/wp-json\/wp\/v2\/users\/2"}],"replies":[{"embeddable":true,"href":"https:\/\/cuip.ualg.pt\/pt-pt\/wp-json\/wp\/v2\/comments?post=3522"}],"version-history":[{"count":5,"href":"https:\/\/cuip.ualg.pt\/pt-pt\/wp-json\/wp\/v2\/posts\/3522\/revisions"}],"predecessor-version":[{"id":3545,"href":"https:\/\/cuip.ualg.pt\/pt-pt\/wp-json\/wp\/v2\/posts\/3522\/revisions\/3545"}],"wp:featuredmedia":[{"embeddable":true,"href":"https:\/\/cuip.ualg.pt\/pt-pt\/wp-json\/wp\/v2\/media\/3526"}],"wp:attachment":[{"href":"https:\/\/cuip.ualg.pt\/pt-pt\/wp-json\/wp\/v2\/media?parent=3522"}],"wp:term":[{"taxonomy":"category","embeddable":true,"href":"https:\/\/cuip.ualg.pt\/pt-pt\/wp-json\/wp\/v2\/categories?post=3522"},{"taxonomy":"post_tag","embeddable":true,"href":"https:\/\/cuip.ualg.pt\/pt-pt\/wp-json\/wp\/v2\/tags?post=3522"}],"curies":[{"name":"wp","href":"https:\/\/api.w.org\/{rel}","templated":true}]}}