{"id":3582,"date":"2025-07-21T18:12:00","date_gmt":"2025-07-21T18:12:00","guid":{"rendered":"https:\/\/cuip.ualg.pt\/?p=3582"},"modified":"2025-08-14T18:16:07","modified_gmt":"2025-08-14T18:16:07","slug":"concurso-internacional-para-bolsa-de-investigacao-pos-doutoral-bipd-4","status":"publish","type":"post","link":"https:\/\/cuip.ualg.pt\/pt-pt\/2025\/07\/21\/concurso-internacional-para-bolsa-de-investigacao-pos-doutoral-bipd-4\/","title":{"rendered":"CUIP \u00e9 Unidade de I&amp;D financiada pela FCT"},"content":{"rendered":"\t\t<div data-elementor-type=\"wp-post\" data-elementor-id=\"3582\" class=\"elementor elementor-3582 elementor-3581\" data-elementor-post-type=\"post\">\n\t\t\t\t<div class=\"elementor-element elementor-element-3f086a8 e-flex e-con-boxed e-con e-parent\" data-id=\"3f086a8\" data-element_type=\"container\">\n\t\t\t\t\t<div class=\"e-con-inner\">\n\t\t\t\t<div class=\"elementor-element elementor-element-2d2e538 elementor-widget elementor-widget-heading\" data-id=\"2d2e538\" data-element_type=\"widget\" data-widget_type=\"heading.default\">\n\t\t\t\t<div class=\"elementor-widget-container\">\n\t\t\t\t\t<h3 class=\"elementor-heading-title elementor-size-default\">CUIP \u00e9 Unidade de I&amp;D financiada pela FCT<\/h3>\t\t\t\t<\/div>\n\t\t\t\t<\/div>\n\t\t\t\t\t<\/div>\n\t\t\t\t<\/div>\n\t\t<div class=\"elementor-element elementor-element-fcf5a43 e-flex e-con-boxed e-con e-parent\" data-id=\"fcf5a43\" data-element_type=\"container\">\n\t\t\t\t\t<div class=\"e-con-inner\">\n\t\t<div class=\"elementor-element elementor-element-5a46d2f e-con-full e-flex e-con e-child\" data-id=\"5a46d2f\" data-element_type=\"container\">\n\t\t\t\t<div class=\"elementor-element elementor-element-1a660b9 elementor-widget elementor-widget-text-editor\" data-id=\"1a660b9\" data-element_type=\"widget\" data-widget_type=\"text-editor.default\">\n\t\t\t\t<div class=\"elementor-widget-container\">\n\t\t\t\t\t\t\t\t\t<p>Os resultados finais do concurso para avalia\u00e7\u00e3o e financiamento das Unidades de I&amp;D (UID) pela Funda\u00e7\u00e3o para a Ci\u00eancia e Tecnologia (FCT) foram divulgados a 21 de julho de 2025.<\/p><p>Dos 12 Centros de Investiga\u00e7\u00e3o avaliados pelo painel de Psicologia, 3 obtiveram \u201cExcelente\u201d, 3 \u201cMuito Bom\u201d, 5 \u201dBom\u201d e 1 \u201cFraco\u201d.<\/p><p>O CUIP foi avaliado com \u201cBom\u201d, tendo sido o Centro de Investiga\u00e7\u00e3o que obteve esta classifica\u00e7\u00e3o com maior financiamento, nomeadamente pela avalia\u00e7\u00e3o muito positiva feita pelo painel relativamente ao projeto apresentado para os pr\u00f3ximos anos.<\/p>\t\t\t\t\t\t\t\t<\/div>\n\t\t\t\t<\/div>\n\t\t\t\t<\/div>\n\t\t\t\t\t<\/div>\n\t\t\t\t<\/div>\n\t\t<div class=\"elementor-element elementor-element-0307318 e-flex e-con-boxed e-con e-parent\" data-id=\"0307318\" data-element_type=\"container\">\n\t\t\t\t\t<div class=\"e-con-inner\">\n\t\t<div class=\"elementor-element elementor-element-7354688c e-con-full e-flex e-con e-child\" data-id=\"7354688c\" data-element_type=\"container\">\n\t\t\t\t<div class=\"elementor-element elementor-element-4a075643 elementor-widget__width-initial elementor-widget elementor-widget-image\" data-id=\"4a075643\" data-element_type=\"widget\" data-widget_type=\"image.default\">\n\t\t\t\t<div class=\"elementor-widget-container\">\n\t\t\t\t\t\t\t\t\t\t\t\t\t\t\t<img fetchpriority=\"high\" decoding=\"async\" width=\"425\" height=\"138\" src=\"https:\/\/cuip.ualg.pt\/wp-content\/uploads\/2025\/08\/Noticia_avaliacaoCUIP_FCT.png\" class=\"attachment-large size-large wp-image-3586\" alt=\"\" srcset=\"https:\/\/cuip.ualg.pt\/wp-content\/uploads\/2025\/08\/Noticia_avaliacaoCUIP_FCT.png 425w, https:\/\/cuip.ualg.pt\/wp-content\/uploads\/2025\/08\/Noticia_avaliacaoCUIP_FCT-300x97.png 300w\" sizes=\"(max-width: 425px) 100vw, 425px\" \/>\t\t\t\t\t\t\t\t\t\t\t\t\t\t\t<\/div>\n\t\t\t\t<\/div>\n\t\t\t\t<\/div>\n\t\t\t\t\t<\/div>\n\t\t\t\t<\/div>\n\t\t\t\t<\/div>\n\t\t","protected":false},"excerpt":{"rendered":"<p>CUIP \u00e9 Unidade de I&amp;D financiada pela FCT Os resultados finais do concurso para avalia\u00e7\u00e3o e financiamento das Unidades de I&amp;D (UID) pela Funda\u00e7\u00e3o para a Ci\u00eancia e Tecnologia (FCT) foram divulgados a 21 de julho de 2025. Dos 12 Centros de Investiga\u00e7\u00e3o avaliados pelo painel de Psicologia, 3 obtiveram \u201cExcelente\u201d, 3 \u201cMuito Bom\u201d, 5<span class=\"post-excerpt-end\">&hellip;<\/span><\/p>\n<p class=\"more-link\"><a href=\"https:\/\/cuip.ualg.pt\/pt-pt\/2025\/07\/21\/concurso-internacional-para-bolsa-de-investigacao-pos-doutoral-bipd-4\/\" class=\"themebutton\">Read More<\/a><\/p>\n","protected":false},"author":2,"featured_media":3584,"comment_status":"closed","ping_status":"closed","sticky":false,"template":"","format":"standard","meta":{"_themeisle_gutenberg_block_has_review":false,"footnotes":""},"categories":[1],"tags":[],"class_list":["post-3582","post","type-post","status-publish","format-standard","has-post-thumbnail","hentry","category-noticias"],"_links":{"self":[{"href":"https:\/\/cuip.ualg.pt\/pt-pt\/wp-json\/wp\/v2\/posts\/3582","targetHints":{"allow":["GET"]}}],"collection":[{"href":"https:\/\/cuip.ualg.pt\/pt-pt\/wp-json\/wp\/v2\/posts"}],"about":[{"href":"https:\/\/cuip.ualg.pt\/pt-pt\/wp-json\/wp\/v2\/types\/post"}],"author":[{"embeddable":true,"href":"https:\/\/cuip.ualg.pt\/pt-pt\/wp-json\/wp\/v2\/users\/2"}],"replies":[{"embeddable":true,"href":"https:\/\/cuip.ualg.pt\/pt-pt\/wp-json\/wp\/v2\/comments?post=3582"}],"version-history":[{"count":5,"href":"https:\/\/cuip.ualg.pt\/pt-pt\/wp-json\/wp\/v2\/posts\/3582\/revisions"}],"predecessor-version":[{"id":3595,"href":"https:\/\/cuip.ualg.pt\/pt-pt\/wp-json\/wp\/v2\/posts\/3582\/revisions\/3595"}],"wp:featuredmedia":[{"embeddable":true,"href":"https:\/\/cuip.ualg.pt\/pt-pt\/wp-json\/wp\/v2\/media\/3584"}],"wp:attachment":[{"href":"https:\/\/cuip.ualg.pt\/pt-pt\/wp-json\/wp\/v2\/media?parent=3582"}],"wp:term":[{"taxonomy":"category","embeddable":true,"href":"https:\/\/cuip.ualg.pt\/pt-pt\/wp-json\/wp\/v2\/categories?post=3582"},{"taxonomy":"post_tag","embeddable":true,"href":"https:\/\/cuip.ualg.pt\/pt-pt\/wp-json\/wp\/v2\/tags?post=3582"}],"curies":[{"name":"wp","href":"https:\/\/api.w.org\/{rel}","templated":true}]}}