{"id":3665,"date":"2025-10-04T16:13:42","date_gmt":"2025-10-04T16:13:42","guid":{"rendered":"https:\/\/cuip.ualg.pt\/?p=3665"},"modified":"2025-10-13T09:04:46","modified_gmt":"2025-10-13T09:04:46","slug":"bolsa-de-investigacao-pos-doutoral-bipd-concurso-internacional-aberto","status":"publish","type":"post","link":"https:\/\/cuip.ualg.pt\/pt-pt\/2025\/10\/04\/bolsa-de-investigacao-pos-doutoral-bipd-concurso-internacional-aberto\/","title":{"rendered":"CUIP representado na Noite Europeia dos Investigadores 2025"},"content":{"rendered":"\t\t<div data-elementor-type=\"wp-post\" data-elementor-id=\"3665\" class=\"elementor elementor-3665 elementor-3664\" data-elementor-post-type=\"post\">\n\t\t\t\t<div class=\"elementor-element elementor-element-3f086a8 e-flex e-con-boxed e-con e-parent\" data-id=\"3f086a8\" data-element_type=\"container\">\n\t\t\t\t\t<div class=\"e-con-inner\">\n\t\t\t\t<div class=\"elementor-element elementor-element-2d2e538 elementor-widget elementor-widget-heading\" data-id=\"2d2e538\" data-element_type=\"widget\" data-widget_type=\"heading.default\">\n\t\t\t\t<div class=\"elementor-widget-container\">\n\t\t\t\t\t<h3 class=\"elementor-heading-title elementor-size-default\">CUIP representado na Noite Europeia dos Investigadores 2025<\/h3>\t\t\t\t<\/div>\n\t\t\t\t<\/div>\n\t\t\t\t\t<\/div>\n\t\t\t\t<\/div>\n\t\t<div class=\"elementor-element elementor-element-fcf5a43 e-flex e-con-boxed e-con e-parent\" data-id=\"fcf5a43\" data-element_type=\"container\">\n\t\t\t\t\t<div class=\"e-con-inner\">\n\t\t<div class=\"elementor-element elementor-element-5a46d2f e-con-full e-flex e-con e-child\" data-id=\"5a46d2f\" data-element_type=\"container\">\n\t\t\t\t<div class=\"elementor-element elementor-element-4a075643 elementor-widget__width-initial elementor-widget elementor-widget-image\" data-id=\"4a075643\" data-element_type=\"widget\" data-widget_type=\"image.default\">\n\t\t\t\t<div class=\"elementor-widget-container\">\n\t\t\t\t\t\t\t\t\t\t\t\t\t\t\t<img fetchpriority=\"high\" decoding=\"async\" width=\"1024\" height=\"768\" src=\"https:\/\/cuip.ualg.pt\/wp-content\/uploads\/2025\/10\/Imagem_NoiteEuropeiaInvestigadores2025.jpg\" class=\"attachment-large size-large wp-image-3672\" alt=\"\" srcset=\"https:\/\/cuip.ualg.pt\/wp-content\/uploads\/2025\/10\/Imagem_NoiteEuropeiaInvestigadores2025.jpg 1024w, https:\/\/cuip.ualg.pt\/wp-content\/uploads\/2025\/10\/Imagem_NoiteEuropeiaInvestigadores2025-300x225.jpg 300w, https:\/\/cuip.ualg.pt\/wp-content\/uploads\/2025\/10\/Imagem_NoiteEuropeiaInvestigadores2025-768x576.jpg 768w\" sizes=\"(max-width: 1024px) 100vw, 1024px\" \/>\t\t\t\t\t\t\t\t\t\t\t\t\t\t\t<\/div>\n\t\t\t\t<\/div>\n\t\t\t\t<div class=\"elementor-element elementor-element-1a660b9 elementor-widget elementor-widget-text-editor\" data-id=\"1a660b9\" data-element_type=\"widget\" data-widget_type=\"text-editor.default\">\n\t\t\t\t<div class=\"elementor-widget-container\">\n\t\t\t\t\t\t\t\t\t<p>O Centro Universit\u00e1rio de Investiga\u00e7\u00e3o em Psicologia (CUIP), atrav\u00e9s do seu P\u00f3lo na Universidade da Madeira (UMa), marcou presen\u00e7a na \u201cNoite Europeia dos Investigadores \u2013 Macaronight 2025\u201d, realizada a 26 de setembro, na UMa.<\/p><p>A Professora Margarida Pocinho, coordenadora do CUIP-UMa, esteve presente na \u201cMostra da Investiga\u00e7\u00e3o em Psicologia da UMa\u201d, destacando a import\u00e2ncia da investiga\u00e7\u00e3o em Psicologia baseada em evid\u00eancia para o bem-estar e desenvolvimento humano.<\/p><p>A participa\u00e7\u00e3o foi marcada pelo di\u00e1logo pr\u00f3ximo com os visitantes, demonstrando como a ci\u00eancia psicol\u00f3gica contribui para compreender e promover o bem-estar, fortalecer a resili\u00eancia e responder a desafios sociais atuais.<\/p><p>Mais do que um momento de divulga\u00e7\u00e3o, esta foi uma oportunidade para aproximar investigadores, estudantes e cidad\u00e3os, tornando vis\u00edvel a relev\u00e2ncia da Psicologia no contexto acad\u00e9mico e comunit\u00e1rio.<\/p>\t\t\t\t\t\t\t\t<\/div>\n\t\t\t\t<\/div>\n\t\t\t\t<\/div>\n\t\t\t\t\t<\/div>\n\t\t\t\t<\/div>\n\t\t<div class=\"elementor-element elementor-element-0307318 e-flex e-con-boxed e-con e-parent\" data-id=\"0307318\" data-element_type=\"container\">\n\t\t\t\t\t<div class=\"e-con-inner\">\n\t\t<div class=\"elementor-element elementor-element-7354688c e-con-full e-flex e-con e-child\" data-id=\"7354688c\" data-element_type=\"container\">\n\t\t\t\t<\/div>\n\t\t\t\t\t<\/div>\n\t\t\t\t<\/div>\n\t\t\t\t<\/div>\n\t\t","protected":false},"excerpt":{"rendered":"<p>CUIP representado na Noite Europeia dos Investigadores 2025 O Centro Universit\u00e1rio de Investiga\u00e7\u00e3o em Psicologia (CUIP), atrav\u00e9s do seu P\u00f3lo na Universidade da Madeira (UMa), marcou presen\u00e7a na \u201cNoite Europeia dos Investigadores \u2013 Macaronight 2025\u201d, realizada a 26 de setembro, na UMa. A Professora Margarida Pocinho, coordenadora do CUIP-UMa, esteve presente na \u201cMostra da Investiga\u00e7\u00e3o<span class=\"post-excerpt-end\">&hellip;<\/span><\/p>\n<p class=\"more-link\"><a href=\"https:\/\/cuip.ualg.pt\/pt-pt\/2025\/10\/04\/bolsa-de-investigacao-pos-doutoral-bipd-concurso-internacional-aberto\/\" class=\"themebutton\">Read More<\/a><\/p>\n","protected":false},"author":2,"featured_media":3667,"comment_status":"closed","ping_status":"closed","sticky":false,"template":"","format":"standard","meta":{"_themeisle_gutenberg_block_has_review":false,"footnotes":""},"categories":[1],"tags":[],"class_list":["post-3665","post","type-post","status-publish","format-standard","has-post-thumbnail","hentry","category-noticias"],"_links":{"self":[{"href":"https:\/\/cuip.ualg.pt\/pt-pt\/wp-json\/wp\/v2\/posts\/3665","targetHints":{"allow":["GET"]}}],"collection":[{"href":"https:\/\/cuip.ualg.pt\/pt-pt\/wp-json\/wp\/v2\/posts"}],"about":[{"href":"https:\/\/cuip.ualg.pt\/pt-pt\/wp-json\/wp\/v2\/types\/post"}],"author":[{"embeddable":true,"href":"https:\/\/cuip.ualg.pt\/pt-pt\/wp-json\/wp\/v2\/users\/2"}],"replies":[{"embeddable":true,"href":"https:\/\/cuip.ualg.pt\/pt-pt\/wp-json\/wp\/v2\/comments?post=3665"}],"version-history":[{"count":8,"href":"https:\/\/cuip.ualg.pt\/pt-pt\/wp-json\/wp\/v2\/posts\/3665\/revisions"}],"predecessor-version":[{"id":3732,"href":"https:\/\/cuip.ualg.pt\/pt-pt\/wp-json\/wp\/v2\/posts\/3665\/revisions\/3732"}],"wp:featuredmedia":[{"embeddable":true,"href":"https:\/\/cuip.ualg.pt\/pt-pt\/wp-json\/wp\/v2\/media\/3667"}],"wp:attachment":[{"href":"https:\/\/cuip.ualg.pt\/pt-pt\/wp-json\/wp\/v2\/media?parent=3665"}],"wp:term":[{"taxonomy":"category","embeddable":true,"href":"https:\/\/cuip.ualg.pt\/pt-pt\/wp-json\/wp\/v2\/categories?post=3665"},{"taxonomy":"post_tag","embeddable":true,"href":"https:\/\/cuip.ualg.pt\/pt-pt\/wp-json\/wp\/v2\/tags?post=3665"}],"curies":[{"name":"wp","href":"https:\/\/api.w.org\/{rel}","templated":true}]}}