{"id":3685,"date":"2025-10-04T16:25:57","date_gmt":"2025-10-04T16:25:57","guid":{"rendered":"https:\/\/cuip.ualg.pt\/?p=3685"},"modified":"2025-10-10T16:34:30","modified_gmt":"2025-10-10T16:34:30","slug":"bolsa-de-investigacao-pos-doutoral-bipd-concurso-internacional-aberto-2","status":"publish","type":"post","link":"https:\/\/cuip.ualg.pt\/pt-pt\/2025\/10\/04\/bolsa-de-investigacao-pos-doutoral-bipd-concurso-internacional-aberto-2\/","title":{"rendered":"Doutorando do CUIP participou no \u201cSEA-EU Science Show 2025\u201d"},"content":{"rendered":"\t\t<div data-elementor-type=\"wp-post\" data-elementor-id=\"3685\" class=\"elementor elementor-3685 elementor-3684\" data-elementor-post-type=\"post\">\n\t\t\t\t<div class=\"elementor-element elementor-element-3f086a8 e-flex e-con-boxed e-con e-parent\" data-id=\"3f086a8\" data-element_type=\"container\">\n\t\t\t\t\t<div class=\"e-con-inner\">\n\t\t\t\t<div class=\"elementor-element elementor-element-2d2e538 elementor-widget elementor-widget-heading\" data-id=\"2d2e538\" data-element_type=\"widget\" data-widget_type=\"heading.default\">\n\t\t\t\t<div class=\"elementor-widget-container\">\n\t\t\t\t\t<h3 class=\"elementor-heading-title elementor-size-default\">Doutorando do CUIP participou no \u201cSEA-EU Science Show 2025\u201d<\/h3>\t\t\t\t<\/div>\n\t\t\t\t<\/div>\n\t\t\t\t\t<\/div>\n\t\t\t\t<\/div>\n\t\t<div class=\"elementor-element elementor-element-fcf5a43 e-flex e-con-boxed e-con e-parent\" data-id=\"fcf5a43\" data-element_type=\"container\">\n\t\t\t\t\t<div class=\"e-con-inner\">\n\t\t<div class=\"elementor-element elementor-element-5a46d2f e-con-full e-flex e-con e-child\" data-id=\"5a46d2f\" data-element_type=\"container\">\n\t\t\t\t<div class=\"elementor-element elementor-element-4a075643 elementor-widget__width-initial elementor-widget elementor-widget-image\" data-id=\"4a075643\" data-element_type=\"widget\" data-widget_type=\"image.default\">\n\t\t\t\t<div class=\"elementor-widget-container\">\n\t\t\t\t\t\t\t\t\t\t\t\t\t\t\t<img fetchpriority=\"high\" decoding=\"async\" width=\"1024\" height=\"623\" src=\"https:\/\/cuip.ualg.pt\/wp-content\/uploads\/2025\/10\/Imagem_SEA_EUScienceShow.jpg\" class=\"attachment-large size-large wp-image-3691\" alt=\"\" srcset=\"https:\/\/cuip.ualg.pt\/wp-content\/uploads\/2025\/10\/Imagem_SEA_EUScienceShow.jpg 1024w, https:\/\/cuip.ualg.pt\/wp-content\/uploads\/2025\/10\/Imagem_SEA_EUScienceShow-300x183.jpg 300w, https:\/\/cuip.ualg.pt\/wp-content\/uploads\/2025\/10\/Imagem_SEA_EUScienceShow-768x467.jpg 768w\" sizes=\"(max-width: 1024px) 100vw, 1024px\" \/>\t\t\t\t\t\t\t\t\t\t\t\t\t\t\t<\/div>\n\t\t\t\t<\/div>\n\t\t\t\t<div class=\"elementor-element elementor-element-1a660b9 elementor-widget elementor-widget-text-editor\" data-id=\"1a660b9\" data-element_type=\"widget\" data-widget_type=\"text-editor.default\">\n\t\t\t\t<div class=\"elementor-widget-container\">\n\t\t\t\t\t\t\t\t\t<p>F\u00e1bio Gon\u00e7alves havia sido premiado no concurso \u201cTr\u00eas Minutos de Tese\u201d da UAlg (3MT-UAlg 2025), permitindo-lhe ser selecionado para participar no \u201cSEA-EU Science Show 2025\u201d, realizado em Kiel (Alemanha), entre 23 e 26 de setembro.<\/p><p>Neste encontro procurou incidiu sobre aspetos da comunica\u00e7\u00e3o cient\u00edfica de jovens investigadores, promovendo o interc\u00e2mbio internacional e o refor\u00e7o das compet\u00eancias de comunica\u00e7\u00e3o de ci\u00eancia.<\/p><p>Integrado no Work Package 6 \u2013 Science Communication da Alian\u00e7a SEA-EU, o evento reuniu 12 doutorandos de oito universidades europeias num palco \u00fanico para apresentar ci\u00eancia de forma criativa, acess\u00edvel e divertida.<\/p><p>F\u00e1bio abordou a divaga\u00e7\u00e3o mental como &#8220;um fen\u00f3meno muito comum, mas pouco estudado em humanos\u201d, destacando a import\u00e2ncia de aprofundar este fen\u00f3meno, o que est\u00e1 a procurar fazer no \u00e2mbito da sua tese de doutoramento, intitulada \u201cI wonder why we wander: How mind-wandering affects reading in children\u201d, orientado por Lu\u00eds Fa\u00edsca e Filomena In\u00e1cio, membros integrados do CUIP.<br \/><br \/><\/p><p>Link not\u00edcia UAlg: <a href=\"https:\/\/www.ualg.pt\/estudantes-de-doutoramento-da-ualg-participam-no-sea-eu-science-show-2025\" target=\"_blank\" rel=\"noopener\">https:\/\/www.ualg.pt\/estudantes-de-doutoramento-da-ualg-participam-no-sea-eu-science-show-2025<\/a><\/p>\t\t\t\t\t\t\t\t<\/div>\n\t\t\t\t<\/div>\n\t\t\t\t<div class=\"elementor-element elementor-element-857497f elementor-widget__width-initial elementor-widget elementor-widget-image\" data-id=\"857497f\" data-element_type=\"widget\" data-widget_type=\"image.default\">\n\t\t\t\t<div class=\"elementor-widget-container\">\n\t\t\t\t\t\t\t\t\t\t\t\t\t\t\t<img decoding=\"async\" width=\"1024\" height=\"508\" src=\"https:\/\/cuip.ualg.pt\/wp-content\/uploads\/2025\/10\/Imagem2_SEA_EUScienceShow.jpg\" class=\"attachment-large size-large wp-image-3694\" alt=\"\" srcset=\"https:\/\/cuip.ualg.pt\/wp-content\/uploads\/2025\/10\/Imagem2_SEA_EUScienceShow.jpg 1024w, https:\/\/cuip.ualg.pt\/wp-content\/uploads\/2025\/10\/Imagem2_SEA_EUScienceShow-300x149.jpg 300w, https:\/\/cuip.ualg.pt\/wp-content\/uploads\/2025\/10\/Imagem2_SEA_EUScienceShow-768x381.jpg 768w\" sizes=\"(max-width: 1024px) 100vw, 1024px\" \/>\t\t\t\t\t\t\t\t\t\t\t\t\t\t\t<\/div>\n\t\t\t\t<\/div>\n\t\t\t\t<\/div>\n\t\t\t\t\t<\/div>\n\t\t\t\t<\/div>\n\t\t<div class=\"elementor-element elementor-element-0307318 e-flex e-con-boxed e-con e-parent\" data-id=\"0307318\" data-element_type=\"container\">\n\t\t\t\t\t<div class=\"e-con-inner\">\n\t\t<div class=\"elementor-element elementor-element-7354688c e-con-full e-flex e-con e-child\" data-id=\"7354688c\" data-element_type=\"container\">\n\t\t\t\t<\/div>\n\t\t\t\t\t<\/div>\n\t\t\t\t<\/div>\n\t\t\t\t<\/div>\n\t\t","protected":false},"excerpt":{"rendered":"<p>Doutorando do CUIP participou no \u201cSEA-EU Science Show 2025\u201d F\u00e1bio Gon\u00e7alves havia sido premiado no concurso \u201cTr\u00eas Minutos de Tese\u201d da UAlg (3MT-UAlg 2025), permitindo-lhe ser selecionado para participar no \u201cSEA-EU Science Show 2025\u201d, realizado em Kiel (Alemanha), entre 23 e 26 de setembro. Neste encontro procurou incidiu sobre aspetos da comunica\u00e7\u00e3o cient\u00edfica de jovens<span class=\"post-excerpt-end\">&hellip;<\/span><\/p>\n<p class=\"more-link\"><a href=\"https:\/\/cuip.ualg.pt\/pt-pt\/2025\/10\/04\/bolsa-de-investigacao-pos-doutoral-bipd-concurso-internacional-aberto-2\/\" class=\"themebutton\">Read More<\/a><\/p>\n","protected":false},"author":2,"featured_media":3687,"comment_status":"closed","ping_status":"closed","sticky":false,"template":"","format":"standard","meta":{"_themeisle_gutenberg_block_has_review":false,"footnotes":""},"categories":[1],"tags":[],"class_list":["post-3685","post","type-post","status-publish","format-standard","has-post-thumbnail","hentry","category-noticias"],"_links":{"self":[{"href":"https:\/\/cuip.ualg.pt\/pt-pt\/wp-json\/wp\/v2\/posts\/3685","targetHints":{"allow":["GET"]}}],"collection":[{"href":"https:\/\/cuip.ualg.pt\/pt-pt\/wp-json\/wp\/v2\/posts"}],"about":[{"href":"https:\/\/cuip.ualg.pt\/pt-pt\/wp-json\/wp\/v2\/types\/post"}],"author":[{"embeddable":true,"href":"https:\/\/cuip.ualg.pt\/pt-pt\/wp-json\/wp\/v2\/users\/2"}],"replies":[{"embeddable":true,"href":"https:\/\/cuip.ualg.pt\/pt-pt\/wp-json\/wp\/v2\/comments?post=3685"}],"version-history":[{"count":8,"href":"https:\/\/cuip.ualg.pt\/pt-pt\/wp-json\/wp\/v2\/posts\/3685\/revisions"}],"predecessor-version":[{"id":3705,"href":"https:\/\/cuip.ualg.pt\/pt-pt\/wp-json\/wp\/v2\/posts\/3685\/revisions\/3705"}],"wp:featuredmedia":[{"embeddable":true,"href":"https:\/\/cuip.ualg.pt\/pt-pt\/wp-json\/wp\/v2\/media\/3687"}],"wp:attachment":[{"href":"https:\/\/cuip.ualg.pt\/pt-pt\/wp-json\/wp\/v2\/media?parent=3685"}],"wp:term":[{"taxonomy":"category","embeddable":true,"href":"https:\/\/cuip.ualg.pt\/pt-pt\/wp-json\/wp\/v2\/categories?post=3685"},{"taxonomy":"post_tag","embeddable":true,"href":"https:\/\/cuip.ualg.pt\/pt-pt\/wp-json\/wp\/v2\/tags?post=3685"}],"curies":[{"name":"wp","href":"https:\/\/api.w.org\/{rel}","templated":true}]}}