{"id":3794,"date":"2025-12-18T17:00:00","date_gmt":"2025-12-18T17:00:00","guid":{"rendered":"https:\/\/cuip.ualg.pt\/?p=3794"},"modified":"2025-12-19T12:03:19","modified_gmt":"2025-12-19T12:03:19","slug":"cuip-participou-no-uma-science-days","status":"publish","type":"post","link":"https:\/\/cuip.ualg.pt\/pt-pt\/2025\/12\/18\/cuip-participou-no-uma-science-days\/","title":{"rendered":"Coordenador do CUIP \u00e9 Pr\u00f3-reitor da UAlg"},"content":{"rendered":"\t\t<div data-elementor-type=\"wp-post\" data-elementor-id=\"3794\" class=\"elementor elementor-3794 elementor-3793\" data-elementor-post-type=\"post\">\n\t\t\t\t<div class=\"elementor-element elementor-element-3f086a8 e-flex e-con-boxed e-con e-parent\" data-id=\"3f086a8\" data-element_type=\"container\">\n\t\t\t\t\t<div class=\"e-con-inner\">\n\t\t\t\t<div class=\"elementor-element elementor-element-2d2e538 elementor-widget elementor-widget-heading\" data-id=\"2d2e538\" data-element_type=\"widget\" data-widget_type=\"heading.default\">\n\t\t\t\t<div class=\"elementor-widget-container\">\n\t\t\t\t\t<h3 class=\"elementor-heading-title elementor-size-default\">Coordenador do CUIP \u00e9 Pr\u00f3-reitor da UAlg<\/h3>\t\t\t\t<\/div>\n\t\t\t\t<\/div>\n\t\t\t\t\t<\/div>\n\t\t\t\t<\/div>\n\t\t<div class=\"elementor-element elementor-element-fcf5a43 e-flex e-con-boxed e-con e-parent\" data-id=\"fcf5a43\" data-element_type=\"container\">\n\t\t\t\t\t<div class=\"e-con-inner\">\n\t\t<div class=\"elementor-element elementor-element-5a46d2f e-con-full e-flex e-con e-child\" data-id=\"5a46d2f\" data-element_type=\"container\">\n\t\t\t\t<div class=\"elementor-element elementor-element-4a075643 elementor-widget__width-initial elementor-widget elementor-widget-image\" data-id=\"4a075643\" data-element_type=\"widget\" data-widget_type=\"image.default\">\n\t\t\t\t<div class=\"elementor-widget-container\">\n\t\t\t\t\t\t\t\t\t\t\t\t\t\t\t<img fetchpriority=\"high\" decoding=\"async\" width=\"1024\" height=\"594\" src=\"https:\/\/cuip.ualg.pt\/wp-content\/uploads\/2025\/12\/NoticiaProReitor.jpg\" class=\"attachment-large size-large wp-image-3803\" alt=\"\" srcset=\"https:\/\/cuip.ualg.pt\/wp-content\/uploads\/2025\/12\/NoticiaProReitor.jpg 1024w, https:\/\/cuip.ualg.pt\/wp-content\/uploads\/2025\/12\/NoticiaProReitor-300x174.jpg 300w, https:\/\/cuip.ualg.pt\/wp-content\/uploads\/2025\/12\/NoticiaProReitor-768x446.jpg 768w\" sizes=\"(max-width: 1024px) 100vw, 1024px\" \/>\t\t\t\t\t\t\t\t\t\t\t\t\t\t\t<\/div>\n\t\t\t\t<\/div>\n\t\t\t\t<div class=\"elementor-element elementor-element-1a660b9 elementor-widget elementor-widget-text-editor\" data-id=\"1a660b9\" data-element_type=\"widget\" data-widget_type=\"text-editor.default\">\n\t\t\t\t<div class=\"elementor-widget-container\">\n\t\t\t\t\t\t\t\t\t<p>No passado dia 17 de dezembro, Sa\u00fal de Jesus tomou posse como Pr\u00f3-reitor para o Col\u00e9gio Doutoral da Universidade do Algarve, integrando a equipa reitoral coordenada pela Reitora Alexandra Teod\u00f3sio.<\/p><p>Tendo sido j\u00e1 Vice-reitor para a Educa\u00e7\u00e3o e Cultura, entre 2017-21, Sa\u00fal de Jesus volta a ter responsabilidades na Reitoria da UAlg, desta vez com o desafio de tentar contribuir para o aumento do n\u00famero de estudantes de doutoramento, diminuir o abandono e aumentar a efici\u00eancia nos cursos de doutoramento na UAlg, isto \u00e9, os estudantes conseguirem concluir os seus doutoramentos em menos tempo.<\/p><p>A sua experi\u00eancia como Coordenador do CUIP, em que tem potenciado as iniciativas desenvolvidas pela rede de doutorandos, bem como Diretor do Curso de Doutoramento em Psicologia da UAlg, desde 2009, e como orientador de 56 teses de doutoramento j\u00e1 conclu\u00eddas, ser\u00e1 seguramente \u00fatil nestas suas novas fun\u00e7\u00f5es.<\/p>\t\t\t\t\t\t\t\t<\/div>\n\t\t\t\t<\/div>\n\t\t\t\t<\/div>\n\t\t\t\t\t<\/div>\n\t\t\t\t<\/div>\n\t\t\t\t<\/div>\n\t\t","protected":false},"excerpt":{"rendered":"<p>Coordenador do CUIP \u00e9 Pr\u00f3-reitor da UAlg No passado dia 17 de dezembro, Sa\u00fal de Jesus tomou posse como Pr\u00f3-reitor para o Col\u00e9gio Doutoral da Universidade do Algarve, integrando a equipa reitoral coordenada pela Reitora Alexandra Teod\u00f3sio. Tendo sido j\u00e1 Vice-reitor para a Educa\u00e7\u00e3o e Cultura, entre 2017-21, Sa\u00fal de Jesus volta a ter responsabilidades<span class=\"post-excerpt-end\">&hellip;<\/span><\/p>\n<p class=\"more-link\"><a href=\"https:\/\/cuip.ualg.pt\/pt-pt\/2025\/12\/18\/cuip-participou-no-uma-science-days\/\" class=\"themebutton\">Read More<\/a><\/p>\n","protected":false},"author":2,"featured_media":3797,"comment_status":"closed","ping_status":"closed","sticky":false,"template":"","format":"standard","meta":{"_themeisle_gutenberg_block_has_review":false,"footnotes":""},"categories":[33],"tags":[],"class_list":["post-3794","post","type-post","status-publish","format-standard","has-post-thumbnail","hentry","category-press-2025"],"_links":{"self":[{"href":"https:\/\/cuip.ualg.pt\/pt-pt\/wp-json\/wp\/v2\/posts\/3794","targetHints":{"allow":["GET"]}}],"collection":[{"href":"https:\/\/cuip.ualg.pt\/pt-pt\/wp-json\/wp\/v2\/posts"}],"about":[{"href":"https:\/\/cuip.ualg.pt\/pt-pt\/wp-json\/wp\/v2\/types\/post"}],"author":[{"embeddable":true,"href":"https:\/\/cuip.ualg.pt\/pt-pt\/wp-json\/wp\/v2\/users\/2"}],"replies":[{"embeddable":true,"href":"https:\/\/cuip.ualg.pt\/pt-pt\/wp-json\/wp\/v2\/comments?post=3794"}],"version-history":[{"count":3,"href":"https:\/\/cuip.ualg.pt\/pt-pt\/wp-json\/wp\/v2\/posts\/3794\/revisions"}],"predecessor-version":[{"id":3805,"href":"https:\/\/cuip.ualg.pt\/pt-pt\/wp-json\/wp\/v2\/posts\/3794\/revisions\/3805"}],"wp:featuredmedia":[{"embeddable":true,"href":"https:\/\/cuip.ualg.pt\/pt-pt\/wp-json\/wp\/v2\/media\/3797"}],"wp:attachment":[{"href":"https:\/\/cuip.ualg.pt\/pt-pt\/wp-json\/wp\/v2\/media?parent=3794"}],"wp:term":[{"taxonomy":"category","embeddable":true,"href":"https:\/\/cuip.ualg.pt\/pt-pt\/wp-json\/wp\/v2\/categories?post=3794"},{"taxonomy":"post_tag","embeddable":true,"href":"https:\/\/cuip.ualg.pt\/pt-pt\/wp-json\/wp\/v2\/tags?post=3794"}],"curies":[{"name":"wp","href":"https:\/\/api.w.org\/{rel}","templated":true}]}}