{"id":3824,"date":"2025-12-26T12:30:02","date_gmt":"2025-12-26T12:30:02","guid":{"rendered":"https:\/\/cuip.ualg.pt\/?p=3824"},"modified":"2025-12-26T12:32:48","modified_gmt":"2025-12-26T12:32:48","slug":"coordenador-do-cuip-e-pro-reitor-da-ualg","status":"publish","type":"post","link":"https:\/\/cuip.ualg.pt\/pt-pt\/2025\/12\/26\/coordenador-do-cuip-e-pro-reitor-da-ualg\/","title":{"rendered":"Revista Psique lan\u00e7a o volume XXI"},"content":{"rendered":"\t\t<div data-elementor-type=\"wp-post\" data-elementor-id=\"3824\" class=\"elementor elementor-3824 elementor-3823\" data-elementor-post-type=\"post\">\n\t\t\t\t<div class=\"elementor-element elementor-element-3f086a8 e-flex e-con-boxed e-con e-parent\" data-id=\"3f086a8\" data-element_type=\"container\">\n\t\t\t\t\t<div class=\"e-con-inner\">\n\t\t\t\t<div class=\"elementor-element elementor-element-2d2e538 elementor-widget elementor-widget-heading\" data-id=\"2d2e538\" data-element_type=\"widget\" data-widget_type=\"heading.default\">\n\t\t\t\t<div class=\"elementor-widget-container\">\n\t\t\t\t\t<h3 class=\"elementor-heading-title elementor-size-default\">Revista Psique lan\u00e7a o volume XXI<\/h3>\t\t\t\t<\/div>\n\t\t\t\t<\/div>\n\t\t\t\t\t<\/div>\n\t\t\t\t<\/div>\n\t\t<div class=\"elementor-element elementor-element-fcf5a43 e-flex e-con-boxed e-con e-parent\" data-id=\"fcf5a43\" data-element_type=\"container\">\n\t\t\t\t\t<div class=\"e-con-inner\">\n\t\t<div class=\"elementor-element elementor-element-5a46d2f e-con-full e-flex e-con e-child\" data-id=\"5a46d2f\" data-element_type=\"container\">\n\t\t\t\t<div class=\"elementor-element elementor-element-1a660b9 elementor-widget elementor-widget-text-editor\" data-id=\"1a660b9\" data-element_type=\"widget\" data-widget_type=\"text-editor.default\">\n\t\t\t\t<div class=\"elementor-widget-container\">\n\t\t\t\t\t\t\t\t\t<p>A revista Psique publicou o segundo n\u00famero do volume 21, integrando artigos de diversos investigadores portugueses e estrangeiros, incluindo artigos que apresentam os resultados de investiga\u00e7\u00f5es recentes realizadas por membros do CUIP.<\/p><p>Desde 2005, a Psique publica anualmente, sem interrup\u00e7\u00f5es, artigos originais na \u00e1rea cient\u00edfica da Psicologia (b\u00e1sica ou aplicada), nos seus v\u00e1rios dom\u00ednios de especializa\u00e7\u00e3o, de acesso livre e gratuito.<\/p><p>Tendo conseguido indexa\u00e7\u00f5es em v\u00e1rias bases de dados internacionais, nomeadamente a Latindex, a EBSCO e a DOAJ, procura agora indexa\u00e7\u00f5es nas bases de dados Scopus e Web of Science, pretendendo que os artigos sejam publicados em ingl\u00eas.<\/p><p>Este n\u00famero da revista pode ser obtido em <a href=\"https:\/\/revistapsique.autonoma.pt\/edicao\/psique-xxi-2\/\" target=\"_blank\" rel=\"noopener\">https:\/\/revistapsique.autonoma.pt\/edicao\/psique-xxi-2\/<\/a><\/p>\t\t\t\t\t\t\t\t<\/div>\n\t\t\t\t<\/div>\n\t\t\t\t<\/div>\n\t\t\t\t\t<\/div>\n\t\t\t\t<\/div>\n\t\t\t\t<\/div>\n\t\t","protected":false},"excerpt":{"rendered":"<p>Revista Psique lan\u00e7a o volume XXI A revista Psique publicou o segundo n\u00famero do volume 21, integrando artigos de diversos investigadores portugueses e estrangeiros, incluindo artigos que apresentam os resultados de investiga\u00e7\u00f5es recentes realizadas por membros do CUIP. Desde 2005, a Psique publica anualmente, sem interrup\u00e7\u00f5es, artigos originais na \u00e1rea cient\u00edfica da Psicologia (b\u00e1sica ou<span class=\"post-excerpt-end\">&hellip;<\/span><\/p>\n<p class=\"more-link\"><a href=\"https:\/\/cuip.ualg.pt\/pt-pt\/2025\/12\/26\/coordenador-do-cuip-e-pro-reitor-da-ualg\/\" class=\"themebutton\">Read More<\/a><\/p>\n","protected":false},"author":2,"featured_media":3827,"comment_status":"closed","ping_status":"closed","sticky":false,"template":"","format":"standard","meta":{"_themeisle_gutenberg_block_has_review":false,"footnotes":""},"categories":[33],"tags":[],"class_list":["post-3824","post","type-post","status-publish","format-standard","has-post-thumbnail","hentry","category-press-2025"],"_links":{"self":[{"href":"https:\/\/cuip.ualg.pt\/pt-pt\/wp-json\/wp\/v2\/posts\/3824","targetHints":{"allow":["GET"]}}],"collection":[{"href":"https:\/\/cuip.ualg.pt\/pt-pt\/wp-json\/wp\/v2\/posts"}],"about":[{"href":"https:\/\/cuip.ualg.pt\/pt-pt\/wp-json\/wp\/v2\/types\/post"}],"author":[{"embeddable":true,"href":"https:\/\/cuip.ualg.pt\/pt-pt\/wp-json\/wp\/v2\/users\/2"}],"replies":[{"embeddable":true,"href":"https:\/\/cuip.ualg.pt\/pt-pt\/wp-json\/wp\/v2\/comments?post=3824"}],"version-history":[{"count":3,"href":"https:\/\/cuip.ualg.pt\/pt-pt\/wp-json\/wp\/v2\/posts\/3824\/revisions"}],"predecessor-version":[{"id":3832,"href":"https:\/\/cuip.ualg.pt\/pt-pt\/wp-json\/wp\/v2\/posts\/3824\/revisions\/3832"}],"wp:featuredmedia":[{"embeddable":true,"href":"https:\/\/cuip.ualg.pt\/pt-pt\/wp-json\/wp\/v2\/media\/3827"}],"wp:attachment":[{"href":"https:\/\/cuip.ualg.pt\/pt-pt\/wp-json\/wp\/v2\/media?parent=3824"}],"wp:term":[{"taxonomy":"category","embeddable":true,"href":"https:\/\/cuip.ualg.pt\/pt-pt\/wp-json\/wp\/v2\/categories?post=3824"},{"taxonomy":"post_tag","embeddable":true,"href":"https:\/\/cuip.ualg.pt\/pt-pt\/wp-json\/wp\/v2\/tags?post=3824"}],"curies":[{"name":"wp","href":"https:\/\/api.w.org\/{rel}","templated":true}]}}