{"id":4010,"date":"2026-01-05T19:34:00","date_gmt":"2026-01-05T19:34:00","guid":{"rendered":"https:\/\/cuip.ualg.pt\/?p=4010"},"modified":"2026-09-04T10:28:35","modified_gmt":"2026-09-04T10:28:35","slug":"coordenador-do-cuip-entrevista-a-presidente-da-apa-2","status":"publish","type":"post","link":"https:\/\/cuip.ualg.pt\/pt-pt\/2026\/01\/05\/coordenador-do-cuip-entrevista-a-presidente-da-apa-2\/","title":{"rendered":"Produtividade cient\u00edfica do CUIP aumentou em 2025"},"content":{"rendered":"\t\t<div data-elementor-type=\"wp-post\" data-elementor-id=\"4010\" class=\"elementor elementor-4010 elementor-4009\" data-elementor-post-type=\"post\">\n\t\t\t\t<div class=\"elementor-element elementor-element-3f086a8 e-flex e-con-boxed e-con e-parent\" data-id=\"3f086a8\" data-element_type=\"container\" data-e-type=\"container\">\n\t\t\t\t\t<div class=\"e-con-inner\">\n\t\t\t\t<div class=\"elementor-element elementor-element-2d2e538 elementor-widget elementor-widget-heading\" data-id=\"2d2e538\" data-element_type=\"widget\" data-e-type=\"widget\" data-widget_type=\"heading.default\">\n\t\t\t\t<div class=\"elementor-widget-container\">\n\t\t\t\t\t<h3 class=\"elementor-heading-title elementor-size-default\">Produtividade cient\u00edfica do CUIP aumentou em 2025<\/h3>\t\t\t\t<\/div>\n\t\t\t\t<\/div>\n\t\t\t\t\t<\/div>\n\t\t\t\t<\/div>\n\t\t<div class=\"elementor-element elementor-element-a6aad8f e-flex e-con-boxed e-con e-parent\" data-id=\"a6aad8f\" data-element_type=\"container\" data-e-type=\"container\">\n\t\t\t\t\t<div class=\"e-con-inner\">\n\t\t<div class=\"elementor-element elementor-element-3a99232 e-con-full e-flex e-con e-child\" data-id=\"3a99232\" data-element_type=\"container\" data-e-type=\"container\">\n\t\t\t\t<div class=\"elementor-element elementor-element-0fa0663 elementor-widget elementor-widget-image\" data-id=\"0fa0663\" data-element_type=\"widget\" data-e-type=\"widget\" data-widget_type=\"image.default\">\n\t\t\t\t<div class=\"elementor-widget-container\">\n\t\t\t\t\t\t\t\t\t\t\t\t\t\t\t<img fetchpriority=\"high\" decoding=\"async\" width=\"300\" height=\"244\" src=\"https:\/\/cuip.ualg.pt\/wp-content\/uploads\/2026\/09\/Imagem_NoticiaProdutividade1_pt-1-300x244.jpg\" class=\"attachment-medium size-medium wp-image-4023\" alt=\"\" srcset=\"https:\/\/cuip.ualg.pt\/wp-content\/uploads\/2026\/09\/Imagem_NoticiaProdutividade1_pt-1-300x244.jpg 300w, https:\/\/cuip.ualg.pt\/wp-content\/uploads\/2026\/09\/Imagem_NoticiaProdutividade1_pt-1-1024x832.jpg 1024w, https:\/\/cuip.ualg.pt\/wp-content\/uploads\/2026\/09\/Imagem_NoticiaProdutividade1_pt-1-768x624.jpg 768w, https:\/\/cuip.ualg.pt\/wp-content\/uploads\/2026\/09\/Imagem_NoticiaProdutividade1_pt-1.jpg 1365w\" sizes=\"(max-width: 300px) 100vw, 300px\" \/>\t\t\t\t\t\t\t\t\t\t\t\t\t\t\t<\/div>\n\t\t\t\t<\/div>\n\t\t\t\t<\/div>\n\t\t\t\t\t<\/div>\n\t\t\t\t<\/div>\n\t\t<div class=\"elementor-element elementor-element-fcf5a43 e-flex e-con-boxed e-con e-parent\" data-id=\"fcf5a43\" data-element_type=\"container\" data-e-type=\"container\">\n\t\t\t\t\t<div class=\"e-con-inner\">\n\t\t<div class=\"elementor-element elementor-element-5a46d2f e-con-full e-flex e-con e-child\" data-id=\"5a46d2f\" data-element_type=\"container\" data-e-type=\"container\">\n\t\t\t\t<div class=\"elementor-element elementor-element-1a660b9 elementor-widget elementor-widget-text-editor\" data-id=\"1a660b9\" data-element_type=\"widget\" data-e-type=\"widget\" data-widget_type=\"text-editor.default\">\n\t\t\t\t<div class=\"elementor-widget-container\">\n\t\t\t\t\t\t\t\t\t<p>O balan\u00e7o da produtividade cient\u00edfica do CUIP em 2025 foi muito positivo, tendo-se verificado um aumento nos v\u00e1rios indicadores, nomeadamente no n\u00famero de projetos de investiga\u00e7\u00e3o financiados, no n\u00famero de teses de doutoramento e de mestrado conclu\u00eddas, bem como no n\u00famero de artigos publicados em revistas indexadas na Scopus, em particular nas revistas de primeiro e segundo quartis (Q1 e Q2). Neste \u00faltimo indicador, o CUIP atingiu uma m\u00e9dia superior a 2 artigos Scopus por membro integrado, sendo que 81,3% foram em revistas Q1 ou Q2. Entre 2018 e 2023, per\u00edodo sobre o qual incidiu a avalia\u00e7\u00e3o das Unidades de I&amp;D, houve um aumento progressivo nos v\u00e1rios indicadores, o qual tamb\u00e9m foi verificado em 2024, tendo este aumento progressivo sido confirmado em 2025.<br \/>Estes resultados s\u00e3o muito relevantes para o CUIP, expressando que est\u00e1 no bom caminho e que o projeto previsto para o per\u00edodo de 2024 a 2029 est\u00e1 a ser concretizado.<\/p>\t\t\t\t\t\t\t\t<\/div>\n\t\t\t\t<\/div>\n\t\t\t\t<\/div>\n\t\t\t\t\t<\/div>\n\t\t\t\t<\/div>\n\t\t<div class=\"elementor-element elementor-element-8257fcf e-flex e-con-boxed e-con e-parent\" data-id=\"8257fcf\" data-element_type=\"container\" data-e-type=\"container\">\n\t\t\t\t\t<div class=\"e-con-inner\">\n\t\t<div class=\"elementor-element elementor-element-a1e327c e-con-full e-flex e-con e-child\" data-id=\"a1e327c\" data-element_type=\"container\" data-e-type=\"container\">\n\t\t\t\t<div class=\"elementor-element elementor-element-d5082cc elementor-widget elementor-widget-image\" data-id=\"d5082cc\" data-element_type=\"widget\" data-e-type=\"widget\" data-widget_type=\"image.default\">\n\t\t\t\t<div class=\"elementor-widget-container\">\n\t\t\t\t\t\t\t\t\t\t\t\t\t\t\t<img decoding=\"async\" width=\"300\" height=\"210\" src=\"https:\/\/cuip.ualg.pt\/wp-content\/uploads\/2026\/09\/Imagem_NoticiaProdutividade2_pt-1-300x210.jpg\" class=\"attachment-medium size-medium wp-image-4024\" alt=\"\" srcset=\"https:\/\/cuip.ualg.pt\/wp-content\/uploads\/2026\/09\/Imagem_NoticiaProdutividade2_pt-1-300x210.jpg 300w, https:\/\/cuip.ualg.pt\/wp-content\/uploads\/2026\/09\/Imagem_NoticiaProdutividade2_pt-1-1024x716.jpg 1024w, https:\/\/cuip.ualg.pt\/wp-content\/uploads\/2026\/09\/Imagem_NoticiaProdutividade2_pt-1-768x537.jpg 768w, https:\/\/cuip.ualg.pt\/wp-content\/uploads\/2026\/09\/Imagem_NoticiaProdutividade2_pt-1.jpg 1365w\" sizes=\"(max-width: 300px) 100vw, 300px\" \/>\t\t\t\t\t\t\t\t\t\t\t\t\t\t\t<\/div>\n\t\t\t\t<\/div>\n\t\t\t\t<\/div>\n\t\t\t\t\t<\/div>\n\t\t\t\t<\/div>\n\t\t\t\t<\/div>\n\t\t","protected":false},"excerpt":{"rendered":"<p>Produtividade cient\u00edfica do CUIP aumentou em 2025 O balan\u00e7o da produtividade cient\u00edfica do CUIP em 2025 foi muito positivo, tendo-se verificado um aumento nos v\u00e1rios indicadores, nomeadamente no n\u00famero de projetos de investiga\u00e7\u00e3o financiados, no n\u00famero de teses de doutoramento e de mestrado conclu\u00eddas, bem como no n\u00famero de artigos publicados em revistas indexadas na<span class=\"post-excerpt-end\">&hellip;<\/span><\/p>\n<p class=\"more-link\"><a href=\"https:\/\/cuip.ualg.pt\/pt-pt\/2026\/01\/05\/coordenador-do-cuip-entrevista-a-presidente-da-apa-2\/\" class=\"themebutton\">Read More<\/a><\/p>\n","protected":false},"author":2,"featured_media":4013,"comment_status":"closed","ping_status":"closed","sticky":false,"template":"","format":"standard","meta":{"_themeisle_gutenberg_block_has_review":false,"footnotes":""},"categories":[36],"tags":[],"class_list":["post-4010","post","type-post","status-publish","format-standard","has-post-thumbnail","hentry","category-press-2026"],"_links":{"self":[{"href":"https:\/\/cuip.ualg.pt\/pt-pt\/wp-json\/wp\/v2\/posts\/4010","targetHints":{"allow":["GET"]}}],"collection":[{"href":"https:\/\/cuip.ualg.pt\/pt-pt\/wp-json\/wp\/v2\/posts"}],"about":[{"href":"https:\/\/cuip.ualg.pt\/pt-pt\/wp-json\/wp\/v2\/types\/post"}],"author":[{"embeddable":true,"href":"https:\/\/cuip.ualg.pt\/pt-pt\/wp-json\/wp\/v2\/users\/2"}],"replies":[{"embeddable":true,"href":"https:\/\/cuip.ualg.pt\/pt-pt\/wp-json\/wp\/v2\/comments?post=4010"}],"version-history":[{"count":6,"href":"https:\/\/cuip.ualg.pt\/pt-pt\/wp-json\/wp\/v2\/posts\/4010\/revisions"}],"predecessor-version":[{"id":4167,"href":"https:\/\/cuip.ualg.pt\/pt-pt\/wp-json\/wp\/v2\/posts\/4010\/revisions\/4167"}],"wp:featuredmedia":[{"embeddable":true,"href":"https:\/\/cuip.ualg.pt\/pt-pt\/wp-json\/wp\/v2\/media\/4013"}],"wp:attachment":[{"href":"https:\/\/cuip.ualg.pt\/pt-pt\/wp-json\/wp\/v2\/media?parent=4010"}],"wp:term":[{"taxonomy":"category","embeddable":true,"href":"https:\/\/cuip.ualg.pt\/pt-pt\/wp-json\/wp\/v2\/categories?post=4010"},{"taxonomy":"post_tag","embeddable":true,"href":"https:\/\/cuip.ualg.pt\/pt-pt\/wp-json\/wp\/v2\/tags?post=4010"}],"curies":[{"name":"wp","href":"https:\/\/api.w.org\/{rel}","templated":true}]}}