{"id":4070,"date":"2026-04-17T10:41:00","date_gmt":"2026-04-17T10:41:00","guid":{"rendered":"https:\/\/cuip.ualg.pt\/?p=4070"},"modified":"2026-09-04T10:44:06","modified_gmt":"2026-09-04T10:44:06","slug":"projeto-quietnature-obteve-financiamento-da-fct-5","status":"publish","type":"post","link":"https:\/\/cuip.ualg.pt\/pt-pt\/2026\/04\/17\/projeto-quietnature-obteve-financiamento-da-fct-5\/","title":{"rendered":"Rede de doutorandos do CUIP promove reuni\u00f5es e conv\u00edvios"},"content":{"rendered":"\t\t<div data-elementor-type=\"wp-post\" data-elementor-id=\"4070\" class=\"elementor elementor-4070 elementor-4069\" data-elementor-post-type=\"post\">\n\t\t\t\t<div class=\"elementor-element elementor-element-3f086a8 e-flex e-con-boxed e-con e-parent\" data-id=\"3f086a8\" data-element_type=\"container\" data-e-type=\"container\">\n\t\t\t\t\t<div class=\"e-con-inner\">\n\t\t\t\t<div class=\"elementor-element elementor-element-2d2e538 elementor-widget elementor-widget-heading\" data-id=\"2d2e538\" data-element_type=\"widget\" data-e-type=\"widget\" data-widget_type=\"heading.default\">\n\t\t\t\t<div class=\"elementor-widget-container\">\n\t\t\t\t\t<h3 class=\"elementor-heading-title elementor-size-default\">Rede de doutorandos do CUIP promove reuni\u00f5es e conv\u00edvios<\/h3>\t\t\t\t<\/div>\n\t\t\t\t<\/div>\n\t\t\t\t\t<\/div>\n\t\t\t\t<\/div>\n\t\t<div class=\"elementor-element elementor-element-a6aad8f e-flex e-con-boxed e-con e-parent\" data-id=\"a6aad8f\" data-element_type=\"container\" data-e-type=\"container\">\n\t\t\t\t\t<div class=\"e-con-inner\">\n\t\t<div class=\"elementor-element elementor-element-3a99232 e-con-full e-flex e-con e-child\" data-id=\"3a99232\" data-element_type=\"container\" data-e-type=\"container\">\n\t\t\t\t<div class=\"elementor-element elementor-element-0fa0663 elementor-widget elementor-widget-image\" data-id=\"0fa0663\" data-element_type=\"widget\" data-e-type=\"widget\" data-widget_type=\"image.default\">\n\t\t\t\t<div class=\"elementor-widget-container\">\n\t\t\t\t\t\t\t\t\t\t\t\t\t\t\t<img fetchpriority=\"high\" decoding=\"async\" width=\"768\" height=\"417\" src=\"https:\/\/cuip.ualg.pt\/wp-content\/uploads\/2026\/09\/Imagem1_jantarRedeDoutorandos-768x417.jpg\" class=\"attachment-medium_large size-medium_large wp-image-4193\" alt=\"\" srcset=\"https:\/\/cuip.ualg.pt\/wp-content\/uploads\/2026\/09\/Imagem1_jantarRedeDoutorandos-768x417.jpg 768w, https:\/\/cuip.ualg.pt\/wp-content\/uploads\/2026\/09\/Imagem1_jantarRedeDoutorandos-300x163.jpg 300w, https:\/\/cuip.ualg.pt\/wp-content\/uploads\/2026\/09\/Imagem1_jantarRedeDoutorandos.jpg 800w\" sizes=\"(max-width: 768px) 100vw, 768px\" \/>\t\t\t\t\t\t\t\t\t\t\t\t\t\t\t<\/div>\n\t\t\t\t<\/div>\n\t\t\t\t<\/div>\n\t\t\t\t\t<\/div>\n\t\t\t\t<\/div>\n\t\t<div class=\"elementor-element elementor-element-fcf5a43 e-flex e-con-boxed e-con e-parent\" data-id=\"fcf5a43\" data-element_type=\"container\" data-e-type=\"container\">\n\t\t\t\t\t<div class=\"e-con-inner\">\n\t\t<div class=\"elementor-element elementor-element-5a46d2f e-con-full e-flex e-con e-child\" data-id=\"5a46d2f\" data-element_type=\"container\" data-e-type=\"container\">\n\t\t\t\t<div class=\"elementor-element elementor-element-1a660b9 elementor-widget elementor-widget-text-editor\" data-id=\"1a660b9\" data-element_type=\"widget\" data-e-type=\"widget\" data-widget_type=\"text-editor.default\">\n\t\t\t\t<div class=\"elementor-widget-container\">\n\t\t\t\t\t\t\t\t\t<p>No sentido de obterem feedback por parte dos doutorandos relativamente ao plano de atividades perspetivado para 2026, a coordena\u00e7\u00e3o da rede de doutorandos realizou reuni\u00f5es entre os doutorandos.<\/p>\n<p>Al\u00e9m disso, no sentido de promover a integra\u00e7\u00e3o, socializa\u00e7\u00e3o e partilha entre os doutorandos, t\u00eam sido organizadas v\u00e1rias situa\u00e7\u00f5es de conv\u00edvio informal, nomeadamente um jantar no dia 16 de abril, ap\u00f3s a apresenta\u00e7\u00e3o do ponto da situa\u00e7\u00e3o dos trabalhos de investiga\u00e7\u00e3o por parte dos estudantes dos 2\u00ba e 3\u00ba anos do curso.<\/p>\t\t\t\t\t\t\t\t<\/div>\n\t\t\t\t<\/div>\n\t\t\t\t<\/div>\n\t\t\t\t\t<\/div>\n\t\t\t\t<\/div>\n\t\t<div class=\"elementor-element elementor-element-5cc4184 e-flex e-con-boxed e-con e-parent\" data-id=\"5cc4184\" data-element_type=\"container\" data-e-type=\"container\">\n\t\t\t\t\t<div class=\"e-con-inner\">\n\t\t<div class=\"elementor-element elementor-element-4f25e6e e-con-full e-flex e-con e-child\" data-id=\"4f25e6e\" data-element_type=\"container\" data-e-type=\"container\">\n\t\t\t\t<div class=\"elementor-element elementor-element-cda399e elementor-widget elementor-widget-image\" data-id=\"cda399e\" data-element_type=\"widget\" data-e-type=\"widget\" data-widget_type=\"image.default\">\n\t\t\t\t<div class=\"elementor-widget-container\">\n\t\t\t\t\t\t\t\t\t\t\t\t\t\t\t<img decoding=\"async\" width=\"768\" height=\"353\" src=\"https:\/\/cuip.ualg.pt\/wp-content\/uploads\/2026\/09\/Imagem2_jantarRedeDoutorandos-768x353.jpg\" class=\"attachment-medium_large size-medium_large wp-image-4194\" alt=\"\" srcset=\"https:\/\/cuip.ualg.pt\/wp-content\/uploads\/2026\/09\/Imagem2_jantarRedeDoutorandos-768x353.jpg 768w, https:\/\/cuip.ualg.pt\/wp-content\/uploads\/2026\/09\/Imagem2_jantarRedeDoutorandos-300x138.jpg 300w, https:\/\/cuip.ualg.pt\/wp-content\/uploads\/2026\/09\/Imagem2_jantarRedeDoutorandos.jpg 800w\" sizes=\"(max-width: 768px) 100vw, 768px\" \/>\t\t\t\t\t\t\t\t\t\t\t\t\t\t\t<\/div>\n\t\t\t\t<\/div>\n\t\t\t\t<\/div>\n\t\t\t\t\t<\/div>\n\t\t\t\t<\/div>\n\t\t\t\t<\/div>\n\t\t","protected":false},"excerpt":{"rendered":"<p>Rede de doutorandos do CUIP promove reuni\u00f5es e conv\u00edvios No sentido de obterem feedback por parte dos doutorandos relativamente ao plano de atividades perspetivado para 2026, a coordena\u00e7\u00e3o da rede de doutorandos realizou reuni\u00f5es entre os doutorandos. Al\u00e9m disso, no sentido de promover a integra\u00e7\u00e3o, socializa\u00e7\u00e3o e partilha entre os doutorandos, t\u00eam sido organizadas v\u00e1rias<span class=\"post-excerpt-end\">&hellip;<\/span><\/p>\n<p class=\"more-link\"><a href=\"https:\/\/cuip.ualg.pt\/pt-pt\/2026\/04\/17\/projeto-quietnature-obteve-financiamento-da-fct-5\/\" class=\"themebutton\">Read More<\/a><\/p>\n","protected":false},"author":2,"featured_media":4189,"comment_status":"closed","ping_status":"closed","sticky":false,"template":"","format":"standard","meta":{"_themeisle_gutenberg_block_has_review":false,"footnotes":""},"categories":[36],"tags":[],"class_list":["post-4070","post","type-post","status-publish","format-standard","has-post-thumbnail","hentry","category-press-2026"],"_links":{"self":[{"href":"https:\/\/cuip.ualg.pt\/pt-pt\/wp-json\/wp\/v2\/posts\/4070","targetHints":{"allow":["GET"]}}],"collection":[{"href":"https:\/\/cuip.ualg.pt\/pt-pt\/wp-json\/wp\/v2\/posts"}],"about":[{"href":"https:\/\/cuip.ualg.pt\/pt-pt\/wp-json\/wp\/v2\/types\/post"}],"author":[{"embeddable":true,"href":"https:\/\/cuip.ualg.pt\/pt-pt\/wp-json\/wp\/v2\/users\/2"}],"replies":[{"embeddable":true,"href":"https:\/\/cuip.ualg.pt\/pt-pt\/wp-json\/wp\/v2\/comments?post=4070"}],"version-history":[{"count":3,"href":"https:\/\/cuip.ualg.pt\/pt-pt\/wp-json\/wp\/v2\/posts\/4070\/revisions"}],"predecessor-version":[{"id":4196,"href":"https:\/\/cuip.ualg.pt\/pt-pt\/wp-json\/wp\/v2\/posts\/4070\/revisions\/4196"}],"wp:featuredmedia":[{"embeddable":true,"href":"https:\/\/cuip.ualg.pt\/pt-pt\/wp-json\/wp\/v2\/media\/4189"}],"wp:attachment":[{"href":"https:\/\/cuip.ualg.pt\/pt-pt\/wp-json\/wp\/v2\/media?parent=4070"}],"wp:term":[{"taxonomy":"category","embeddable":true,"href":"https:\/\/cuip.ualg.pt\/pt-pt\/wp-json\/wp\/v2\/categories?post=4070"},{"taxonomy":"post_tag","embeddable":true,"href":"https:\/\/cuip.ualg.pt\/pt-pt\/wp-json\/wp\/v2\/tags?post=4070"}],"curies":[{"name":"wp","href":"https:\/\/api.w.org\/{rel}","templated":true}]}}