{"id":4102,"date":"2026-03-02T09:46:00","date_gmt":"2026-03-02T09:46:00","guid":{"rendered":"https:\/\/cuip.ualg.pt\/?p=4102"},"modified":"2026-09-04T09:49:36","modified_gmt":"2026-09-04T09:49:36","slug":"projeto-quietnature-obteve-financiamento-da-fct-3","status":"publish","type":"post","link":"https:\/\/cuip.ualg.pt\/pt-pt\/2026\/03\/02\/projeto-quietnature-obteve-financiamento-da-fct-3\/","title":{"rendered":"Mariana Guerreiro \u00e9 a nova coordenadora da rede de doutorandos do CUIP Mariana Guerreiro is the new coordinator of the CUIP doctoral student network"},"content":{"rendered":"\t\t<div data-elementor-type=\"wp-post\" data-elementor-id=\"4102\" class=\"elementor elementor-4102 elementor-4101\" data-elementor-post-type=\"post\">\n\t\t\t\t<div class=\"elementor-element elementor-element-3f086a8 e-flex e-con-boxed e-con e-parent\" data-id=\"3f086a8\" data-element_type=\"container\" data-e-type=\"container\">\n\t\t\t\t\t<div class=\"e-con-inner\">\n\t\t\t\t<div class=\"elementor-element elementor-element-2d2e538 elementor-widget elementor-widget-heading\" data-id=\"2d2e538\" data-element_type=\"widget\" data-e-type=\"widget\" data-widget_type=\"heading.default\">\n\t\t\t\t<div class=\"elementor-widget-container\">\n\t\t\t\t\t<h3 class=\"elementor-heading-title elementor-size-default\">Mariana Guerreiro \u00e9 a nova coordenadora da rede de doutorandos do CUIP Mariana Guerreiro is the new coordinator of the CUIP doctoral student network<\/h3>\t\t\t\t<\/div>\n\t\t\t\t<\/div>\n\t\t\t\t\t<\/div>\n\t\t\t\t<\/div>\n\t\t<div class=\"elementor-element elementor-element-a6aad8f e-flex e-con-boxed e-con e-parent\" data-id=\"a6aad8f\" data-element_type=\"container\" data-e-type=\"container\">\n\t\t\t\t\t<div class=\"e-con-inner\">\n\t\t<div class=\"elementor-element elementor-element-3a99232 e-con-full e-flex e-con e-child\" data-id=\"3a99232\" data-element_type=\"container\" data-e-type=\"container\">\n\t\t\t\t<div class=\"elementor-element elementor-element-0fa0663 elementor-widget elementor-widget-image\" data-id=\"0fa0663\" data-element_type=\"widget\" data-e-type=\"widget\" data-widget_type=\"image.default\">\n\t\t\t\t<div class=\"elementor-widget-container\">\n\t\t\t\t\t\t\t\t\t\t\t\t\t\t\t<img fetchpriority=\"high\" decoding=\"async\" width=\"300\" height=\"200\" src=\"https:\/\/cuip.ualg.pt\/wp-content\/uploads\/2026\/03\/Imagem_coordenacaoRedeDoutorandos-300x200.jpg\" class=\"attachment-medium size-medium wp-image-4111\" alt=\"\" srcset=\"https:\/\/cuip.ualg.pt\/wp-content\/uploads\/2026\/03\/Imagem_coordenacaoRedeDoutorandos-300x200.jpg 300w, https:\/\/cuip.ualg.pt\/wp-content\/uploads\/2026\/03\/Imagem_coordenacaoRedeDoutorandos-768x513.jpg 768w, https:\/\/cuip.ualg.pt\/wp-content\/uploads\/2026\/03\/Imagem_coordenacaoRedeDoutorandos-570x380.jpg 570w, https:\/\/cuip.ualg.pt\/wp-content\/uploads\/2026\/03\/Imagem_coordenacaoRedeDoutorandos-380x254.jpg 380w, https:\/\/cuip.ualg.pt\/wp-content\/uploads\/2026\/03\/Imagem_coordenacaoRedeDoutorandos-285x190.jpg 285w, https:\/\/cuip.ualg.pt\/wp-content\/uploads\/2026\/03\/Imagem_coordenacaoRedeDoutorandos.jpg 1008w\" sizes=\"(max-width: 300px) 100vw, 300px\" \/>\t\t\t\t\t\t\t\t\t\t\t\t\t\t\t<\/div>\n\t\t\t\t<\/div>\n\t\t\t\t<\/div>\n\t\t\t\t\t<\/div>\n\t\t\t\t<\/div>\n\t\t<div class=\"elementor-element elementor-element-fcf5a43 e-flex e-con-boxed e-con e-parent\" data-id=\"fcf5a43\" data-element_type=\"container\" data-e-type=\"container\">\n\t\t\t\t\t<div class=\"e-con-inner\">\n\t\t<div class=\"elementor-element elementor-element-5a46d2f e-con-full e-flex e-con e-child\" data-id=\"5a46d2f\" data-element_type=\"container\" data-e-type=\"container\">\n\t\t\t\t<div class=\"elementor-element elementor-element-1a660b9 elementor-widget elementor-widget-text-editor\" data-id=\"1a660b9\" data-element_type=\"widget\" data-e-type=\"widget\" data-widget_type=\"text-editor.default\">\n\t\t\t\t<div class=\"elementor-widget-container\">\n\t\t\t\t\t\t\t\t\t<p>Tendo a anterior coordenadora da rede de doutorandos do CUIP, Laura Ferreira, conclu\u00eddo o seu doutoramento em Psicologia, foi necess\u00e1rio nomear um novo coordenador desta rede.<\/p><p>Para o efeito foi nomeada a doutoranda Mariana Guerreiro que j\u00e1 fazia equipa com Laura Ferreira na coordena\u00e7\u00e3o desta rede.<\/p><p>Por seu turno, F\u00e1bio Gon\u00e7alves passa a integrar a equipa de coordena\u00e7\u00e3o.<\/p><p>Pouco depois de assumirem esta coordena\u00e7\u00e3o, Mariana e F\u00e1bio apresentaram um plano de atividades ao coordenador do CUIP, expressando o dinamismo que pretendem continuar a imprimir \u00e0 rede de doutorandos do CUIP.<\/p>\t\t\t\t\t\t\t\t<\/div>\n\t\t\t\t<\/div>\n\t\t\t\t<\/div>\n\t\t\t\t\t<\/div>\n\t\t\t\t<\/div>\n\t\t\t\t<\/div>\n\t\t","protected":false},"excerpt":{"rendered":"<p>Mariana Guerreiro \u00e9 a nova coordenadora da rede de doutorandos do CUIP Mariana Guerreiro is the new coordinator of the CUIP doctoral student network Tendo a anterior coordenadora da rede de doutorandos do CUIP, Laura Ferreira, conclu\u00eddo o seu doutoramento em Psicologia, foi necess\u00e1rio nomear um novo coordenador desta rede. Para o efeito foi nomeada<span class=\"post-excerpt-end\">&hellip;<\/span><\/p>\n<p class=\"more-link\"><a href=\"https:\/\/cuip.ualg.pt\/pt-pt\/2026\/03\/02\/projeto-quietnature-obteve-financiamento-da-fct-3\/\" class=\"themebutton\">Read More<\/a><\/p>\n","protected":false},"author":2,"featured_media":4105,"comment_status":"closed","ping_status":"closed","sticky":false,"template":"","format":"standard","meta":{"_themeisle_gutenberg_block_has_review":false,"footnotes":""},"categories":[36],"tags":[],"class_list":["post-4102","post","type-post","status-publish","format-standard","has-post-thumbnail","hentry","category-press-2026"],"_links":{"self":[{"href":"https:\/\/cuip.ualg.pt\/pt-pt\/wp-json\/wp\/v2\/posts\/4102","targetHints":{"allow":["GET"]}}],"collection":[{"href":"https:\/\/cuip.ualg.pt\/pt-pt\/wp-json\/wp\/v2\/posts"}],"about":[{"href":"https:\/\/cuip.ualg.pt\/pt-pt\/wp-json\/wp\/v2\/types\/post"}],"author":[{"embeddable":true,"href":"https:\/\/cuip.ualg.pt\/pt-pt\/wp-json\/wp\/v2\/users\/2"}],"replies":[{"embeddable":true,"href":"https:\/\/cuip.ualg.pt\/pt-pt\/wp-json\/wp\/v2\/comments?post=4102"}],"version-history":[{"count":3,"href":"https:\/\/cuip.ualg.pt\/pt-pt\/wp-json\/wp\/v2\/posts\/4102\/revisions"}],"predecessor-version":[{"id":4113,"href":"https:\/\/cuip.ualg.pt\/pt-pt\/wp-json\/wp\/v2\/posts\/4102\/revisions\/4113"}],"wp:featuredmedia":[{"embeddable":true,"href":"https:\/\/cuip.ualg.pt\/pt-pt\/wp-json\/wp\/v2\/media\/4105"}],"wp:attachment":[{"href":"https:\/\/cuip.ualg.pt\/pt-pt\/wp-json\/wp\/v2\/media?parent=4102"}],"wp:term":[{"taxonomy":"category","embeddable":true,"href":"https:\/\/cuip.ualg.pt\/pt-pt\/wp-json\/wp\/v2\/categories?post=4102"},{"taxonomy":"post_tag","embeddable":true,"href":"https:\/\/cuip.ualg.pt\/pt-pt\/wp-json\/wp\/v2\/tags?post=4102"}],"curies":[{"name":"wp","href":"https:\/\/api.w.org\/{rel}","templated":true}]}}