{"id":4115,"date":"2026-07-22T09:50:00","date_gmt":"2026-07-22T09:50:00","guid":{"rendered":"https:\/\/cuip.ualg.pt\/?p=4115"},"modified":"2026-09-04T09:54:23","modified_gmt":"2026-09-04T09:54:23","slug":"projeto-quietnature-obteve-financiamento-da-fct-4","status":"publish","type":"post","link":"https:\/\/cuip.ualg.pt\/pt-pt\/2026\/07\/22\/projeto-quietnature-obteve-financiamento-da-fct-4\/","title":{"rendered":"Altera\u00e7\u00e3o no secretariado do CUIP"},"content":{"rendered":"\t\t<div data-elementor-type=\"wp-post\" data-elementor-id=\"4115\" class=\"elementor elementor-4115 elementor-4114\" data-elementor-post-type=\"post\">\n\t\t\t\t<div class=\"elementor-element elementor-element-3f086a8 e-flex e-con-boxed e-con e-parent\" data-id=\"3f086a8\" data-element_type=\"container\" data-e-type=\"container\">\n\t\t\t\t\t<div class=\"e-con-inner\">\n\t\t\t\t<div class=\"elementor-element elementor-element-2d2e538 elementor-widget elementor-widget-heading\" data-id=\"2d2e538\" data-element_type=\"widget\" data-e-type=\"widget\" data-widget_type=\"heading.default\">\n\t\t\t\t<div class=\"elementor-widget-container\">\n\t\t\t\t\t<h3 class=\"elementor-heading-title elementor-size-default\">Altera\u00e7\u00e3o no secretariado do CUIP<\/h3>\t\t\t\t<\/div>\n\t\t\t\t<\/div>\n\t\t\t\t\t<\/div>\n\t\t\t\t<\/div>\n\t\t<div class=\"elementor-element elementor-element-a6aad8f e-flex e-con-boxed e-con e-parent\" data-id=\"a6aad8f\" data-element_type=\"container\" data-e-type=\"container\">\n\t\t\t\t\t<div class=\"e-con-inner\">\n\t\t<div class=\"elementor-element elementor-element-3a99232 e-con-full e-flex e-con e-child\" data-id=\"3a99232\" data-element_type=\"container\" data-e-type=\"container\">\n\t\t\t\t<div class=\"elementor-element elementor-element-0fa0663 elementor-widget elementor-widget-image\" data-id=\"0fa0663\" data-element_type=\"widget\" data-e-type=\"widget\" data-widget_type=\"image.default\">\n\t\t\t\t<div class=\"elementor-widget-container\">\n\t\t\t\t\t\t\t\t\t\t\t\t\t\t\t<img fetchpriority=\"high\" decoding=\"async\" width=\"300\" height=\"202\" src=\"https:\/\/cuip.ualg.pt\/wp-content\/uploads\/2026\/07\/Imagem_secretariadoCUIP-300x202.jpg\" class=\"attachment-medium size-medium wp-image-4123\" alt=\"\" srcset=\"https:\/\/cuip.ualg.pt\/wp-content\/uploads\/2026\/07\/Imagem_secretariadoCUIP-300x202.jpg 300w, https:\/\/cuip.ualg.pt\/wp-content\/uploads\/2026\/07\/Imagem_secretariadoCUIP-768x517.jpg 768w, https:\/\/cuip.ualg.pt\/wp-content\/uploads\/2026\/07\/Imagem_secretariadoCUIP-380x254.jpg 380w, https:\/\/cuip.ualg.pt\/wp-content\/uploads\/2026\/07\/Imagem_secretariadoCUIP.jpg 999w\" sizes=\"(max-width: 300px) 100vw, 300px\" \/>\t\t\t\t\t\t\t\t\t\t\t\t\t\t\t<\/div>\n\t\t\t\t<\/div>\n\t\t\t\t<\/div>\n\t\t\t\t\t<\/div>\n\t\t\t\t<\/div>\n\t\t<div class=\"elementor-element elementor-element-fcf5a43 e-flex e-con-boxed e-con e-parent\" data-id=\"fcf5a43\" data-element_type=\"container\" data-e-type=\"container\">\n\t\t\t\t\t<div class=\"e-con-inner\">\n\t\t<div class=\"elementor-element elementor-element-5a46d2f e-con-full e-flex e-con e-child\" data-id=\"5a46d2f\" data-element_type=\"container\" data-e-type=\"container\">\n\t\t\t\t<div class=\"elementor-element elementor-element-1a660b9 elementor-widget elementor-widget-text-editor\" data-id=\"1a660b9\" data-element_type=\"widget\" data-e-type=\"widget\" data-widget_type=\"text-editor.default\">\n\t\t\t\t<div class=\"elementor-widget-container\">\n\t\t\t\t\t\t\t\t\t<p>A partir da realiza\u00e7\u00e3o do III Simp\u00f3sio do CUIP, Vivien Iacob, rec\u00e9m doutorada em Psicologia e anteriormente bolseira de doutoramento da FCT, passa a assumir fun\u00e7\u00f5es no secretariado do CUIP, substituindo Mariana Guerreiro, a qual se mant\u00e9m como Coordenadora da Rede de Doutorandos do CUIP.<\/p><p>Na reuni\u00e3o da Comiss\u00e3o Cient\u00edfica do CUIP, realizada em 21 de julho, o Coordenador do CUIP prop\u00f4s um voto de louvor a Mariana Guerreiro pela efici\u00eancia e excel\u00eancia na forma como desempenhou as fun\u00e7\u00f5es de secret\u00e1ria do CUIP, desde 2023 at\u00e9 \u00e0 atualidade, tendo este voto sido aprovado pela unanimidade dos membros presentes.<\/p>\t\t\t\t\t\t\t\t<\/div>\n\t\t\t\t<\/div>\n\t\t\t\t<\/div>\n\t\t\t\t\t<\/div>\n\t\t\t\t<\/div>\n\t\t\t\t<\/div>\n\t\t","protected":false},"excerpt":{"rendered":"<p>Altera\u00e7\u00e3o no secretariado do CUIP A partir da realiza\u00e7\u00e3o do III Simp\u00f3sio do CUIP, Vivien Iacob, rec\u00e9m doutorada em Psicologia e anteriormente bolseira de doutoramento da FCT, passa a assumir fun\u00e7\u00f5es no secretariado do CUIP, substituindo Mariana Guerreiro, a qual se mant\u00e9m como Coordenadora da Rede de Doutorandos do CUIP. Na reuni\u00e3o da Comiss\u00e3o Cient\u00edfica<span class=\"post-excerpt-end\">&hellip;<\/span><\/p>\n<p class=\"more-link\"><a href=\"https:\/\/cuip.ualg.pt\/pt-pt\/2026\/07\/22\/projeto-quietnature-obteve-financiamento-da-fct-4\/\" class=\"themebutton\">Read More<\/a><\/p>\n","protected":false},"author":2,"featured_media":4118,"comment_status":"closed","ping_status":"closed","sticky":false,"template":"","format":"standard","meta":{"_themeisle_gutenberg_block_has_review":false,"footnotes":""},"categories":[36],"tags":[],"class_list":["post-4115","post","type-post","status-publish","format-standard","has-post-thumbnail","hentry","category-press-2026"],"_links":{"self":[{"href":"https:\/\/cuip.ualg.pt\/pt-pt\/wp-json\/wp\/v2\/posts\/4115","targetHints":{"allow":["GET"]}}],"collection":[{"href":"https:\/\/cuip.ualg.pt\/pt-pt\/wp-json\/wp\/v2\/posts"}],"about":[{"href":"https:\/\/cuip.ualg.pt\/pt-pt\/wp-json\/wp\/v2\/types\/post"}],"author":[{"embeddable":true,"href":"https:\/\/cuip.ualg.pt\/pt-pt\/wp-json\/wp\/v2\/users\/2"}],"replies":[{"embeddable":true,"href":"https:\/\/cuip.ualg.pt\/pt-pt\/wp-json\/wp\/v2\/comments?post=4115"}],"version-history":[{"count":5,"href":"https:\/\/cuip.ualg.pt\/pt-pt\/wp-json\/wp\/v2\/posts\/4115\/revisions"}],"predecessor-version":[{"id":4127,"href":"https:\/\/cuip.ualg.pt\/pt-pt\/wp-json\/wp\/v2\/posts\/4115\/revisions\/4127"}],"wp:featuredmedia":[{"embeddable":true,"href":"https:\/\/cuip.ualg.pt\/pt-pt\/wp-json\/wp\/v2\/media\/4118"}],"wp:attachment":[{"href":"https:\/\/cuip.ualg.pt\/pt-pt\/wp-json\/wp\/v2\/media?parent=4115"}],"wp:term":[{"taxonomy":"category","embeddable":true,"href":"https:\/\/cuip.ualg.pt\/pt-pt\/wp-json\/wp\/v2\/categories?post=4115"},{"taxonomy":"post_tag","embeddable":true,"href":"https:\/\/cuip.ualg.pt\/pt-pt\/wp-json\/wp\/v2\/tags?post=4115"}],"curies":[{"name":"wp","href":"https:\/\/api.w.org\/{rel}","templated":true}]}}