{"id":4129,"date":"2026-03-18T09:55:00","date_gmt":"2026-03-18T09:55:00","guid":{"rendered":"https:\/\/cuip.ualg.pt\/?p=4129"},"modified":"2026-09-04T09:58:20","modified_gmt":"2026-09-04T09:58:20","slug":"alteracao-no-secretariado-do-cuip","status":"publish","type":"post","link":"https:\/\/cuip.ualg.pt\/pt-pt\/2026\/03\/18\/alteracao-no-secretariado-do-cuip\/","title":{"rendered":"Revista Psique lan\u00e7ou edi\u00e7\u00e3o bilingue"},"content":{"rendered":"\t\t<div data-elementor-type=\"wp-post\" data-elementor-id=\"4129\" class=\"elementor elementor-4129 elementor-4128\" data-elementor-post-type=\"post\">\n\t\t\t\t<div class=\"elementor-element elementor-element-3f086a8 e-flex e-con-boxed e-con e-parent\" data-id=\"3f086a8\" data-element_type=\"container\" data-e-type=\"container\">\n\t\t\t\t\t<div class=\"e-con-inner\">\n\t\t\t\t<div class=\"elementor-element elementor-element-2d2e538 elementor-widget elementor-widget-heading\" data-id=\"2d2e538\" data-element_type=\"widget\" data-e-type=\"widget\" data-widget_type=\"heading.default\">\n\t\t\t\t<div class=\"elementor-widget-container\">\n\t\t\t\t\t<h3 class=\"elementor-heading-title elementor-size-default\">Revista Psique lan\u00e7ou edi\u00e7\u00e3o bilingue<\/h3>\t\t\t\t<\/div>\n\t\t\t\t<\/div>\n\t\t\t\t\t<\/div>\n\t\t\t\t<\/div>\n\t\t<div class=\"elementor-element elementor-element-a6aad8f e-flex e-con-boxed e-con e-parent\" data-id=\"a6aad8f\" data-element_type=\"container\" data-e-type=\"container\">\n\t\t\t\t\t<div class=\"e-con-inner\">\n\t\t<div class=\"elementor-element elementor-element-3a99232 e-con-full e-flex e-con e-child\" data-id=\"3a99232\" data-element_type=\"container\" data-e-type=\"container\">\n\t\t\t\t<div class=\"elementor-element elementor-element-0fa0663 elementor-widget elementor-widget-image\" data-id=\"0fa0663\" data-element_type=\"widget\" data-e-type=\"widget\" data-widget_type=\"image.default\">\n\t\t\t\t<div class=\"elementor-widget-container\">\n\t\t\t\t\t\t\t\t\t\t\t\t\t\t\t<img fetchpriority=\"high\" decoding=\"async\" width=\"211\" height=\"300\" src=\"https:\/\/cuip.ualg.pt\/wp-content\/uploads\/2026\/09\/Imagem_PsiqueXXII-211x300.png\" class=\"attachment-medium size-medium wp-image-4136\" alt=\"\" srcset=\"https:\/\/cuip.ualg.pt\/wp-content\/uploads\/2026\/09\/Imagem_PsiqueXXII-211x300.png 211w, https:\/\/cuip.ualg.pt\/wp-content\/uploads\/2026\/09\/Imagem_PsiqueXXII.png 514w\" sizes=\"(max-width: 211px) 100vw, 211px\" \/>\t\t\t\t\t\t\t\t\t\t\t\t\t\t\t<\/div>\n\t\t\t\t<\/div>\n\t\t\t\t<\/div>\n\t\t\t\t\t<\/div>\n\t\t\t\t<\/div>\n\t\t<div class=\"elementor-element elementor-element-fcf5a43 e-flex e-con-boxed e-con e-parent\" data-id=\"fcf5a43\" data-element_type=\"container\" data-e-type=\"container\">\n\t\t\t\t\t<div class=\"e-con-inner\">\n\t\t<div class=\"elementor-element elementor-element-5a46d2f e-con-full e-flex e-con e-child\" data-id=\"5a46d2f\" data-element_type=\"container\" data-e-type=\"container\">\n\t\t\t\t<div class=\"elementor-element elementor-element-1a660b9 elementor-widget elementor-widget-text-editor\" data-id=\"1a660b9\" data-element_type=\"widget\" data-e-type=\"widget\" data-widget_type=\"text-editor.default\">\n\t\t\t\t<div class=\"elementor-widget-container\">\n\t\t\t\t\t\t\t\t\t<p>J\u00e1 est\u00e1 dispon\u00edvel o primeiro n\u00famero do volume 22 da revista Psique, com v\u00e1rios artigos que se apresentam com um foco em grupos particularmente vulner\u00e1veis: as crian\u00e7as, os adolescentes, os jovens com dificuldades intelectuais ou psicopatol\u00f3gicas, e os sobreviventes de a\u00e7\u00f5es de guerra e genoc\u00eddio. Na Nota Editorial \u00e9 referido que \u201co olhar sist\u00e9mico lembra-nos que o que cada indiv\u00edduo faz ou \u00e9, em cada momento, n\u00e3o \u00e9 alheio \u00e0 sua hist\u00f3ria pessoal e aos sistemas que vai integrando. Relembra-nos que muitos indiv\u00edduos experimentam traumas e situa\u00e7\u00f5es de alta vulnerabilidade desde muito jovens, com efeitos acentuados no seu processo formativo\u201d. <\/p><p>Este n\u00famero pode ser encontrado no seguinte link: <a href=\"https:\/\/revistapsique.autonoma.pt\/edicao\/psique-xxii-1\/\" target=\"_blank\" rel=\"noopener\">https:\/\/revistapsique.autonoma.pt\/edicao\/psique-xxii-1\/<\/a><\/p><p>A principal novidade deste n\u00famero \u00e9 o facto de ser bilingue, pela primeira vez, o que representa uma aposta na internacionaliza\u00e7\u00e3o desta revista e na estrat\u00e9gia de conseguir indexa\u00e7\u00e3o nas bases de dados Web of Science e Scopus.<\/p>\t\t\t\t\t\t\t\t<\/div>\n\t\t\t\t<\/div>\n\t\t\t\t<\/div>\n\t\t\t\t\t<\/div>\n\t\t\t\t<\/div>\n\t\t\t\t<\/div>\n\t\t","protected":false},"excerpt":{"rendered":"<p>Revista Psique lan\u00e7ou edi\u00e7\u00e3o bilingue J\u00e1 est\u00e1 dispon\u00edvel o primeiro n\u00famero do volume 22 da revista Psique, com v\u00e1rios artigos que se apresentam com um foco em grupos particularmente vulner\u00e1veis: as crian\u00e7as, os adolescentes, os jovens com dificuldades intelectuais ou psicopatol\u00f3gicas, e os sobreviventes de a\u00e7\u00f5es de guerra e genoc\u00eddio. Na Nota Editorial \u00e9 referido<span class=\"post-excerpt-end\">&hellip;<\/span><\/p>\n<p class=\"more-link\"><a href=\"https:\/\/cuip.ualg.pt\/pt-pt\/2026\/03\/18\/alteracao-no-secretariado-do-cuip\/\" class=\"themebutton\">Read More<\/a><\/p>\n","protected":false},"author":2,"featured_media":4132,"comment_status":"closed","ping_status":"closed","sticky":false,"template":"","format":"standard","meta":{"_themeisle_gutenberg_block_has_review":false,"footnotes":""},"categories":[36],"tags":[],"class_list":["post-4129","post","type-post","status-publish","format-standard","has-post-thumbnail","hentry","category-press-2026"],"_links":{"self":[{"href":"https:\/\/cuip.ualg.pt\/pt-pt\/wp-json\/wp\/v2\/posts\/4129","targetHints":{"allow":["GET"]}}],"collection":[{"href":"https:\/\/cuip.ualg.pt\/pt-pt\/wp-json\/wp\/v2\/posts"}],"about":[{"href":"https:\/\/cuip.ualg.pt\/pt-pt\/wp-json\/wp\/v2\/types\/post"}],"author":[{"embeddable":true,"href":"https:\/\/cuip.ualg.pt\/pt-pt\/wp-json\/wp\/v2\/users\/2"}],"replies":[{"embeddable":true,"href":"https:\/\/cuip.ualg.pt\/pt-pt\/wp-json\/wp\/v2\/comments?post=4129"}],"version-history":[{"count":3,"href":"https:\/\/cuip.ualg.pt\/pt-pt\/wp-json\/wp\/v2\/posts\/4129\/revisions"}],"predecessor-version":[{"id":4138,"href":"https:\/\/cuip.ualg.pt\/pt-pt\/wp-json\/wp\/v2\/posts\/4129\/revisions\/4138"}],"wp:featuredmedia":[{"embeddable":true,"href":"https:\/\/cuip.ualg.pt\/pt-pt\/wp-json\/wp\/v2\/media\/4132"}],"wp:attachment":[{"href":"https:\/\/cuip.ualg.pt\/pt-pt\/wp-json\/wp\/v2\/media?parent=4129"}],"wp:term":[{"taxonomy":"category","embeddable":true,"href":"https:\/\/cuip.ualg.pt\/pt-pt\/wp-json\/wp\/v2\/categories?post=4129"},{"taxonomy":"post_tag","embeddable":true,"href":"https:\/\/cuip.ualg.pt\/pt-pt\/wp-json\/wp\/v2\/tags?post=4129"}],"curies":[{"name":"wp","href":"https:\/\/api.w.org\/{rel}","templated":true}]}}