{"id":4140,"date":"2026-08-19T10:01:00","date_gmt":"2026-08-19T10:01:00","guid":{"rendered":"https:\/\/cuip.ualg.pt\/?p=4140"},"modified":"2026-09-04T10:25:54","modified_gmt":"2026-09-04T10:25:54","slug":"alteracao-no-secretariado-do-cuip-2","status":"publish","type":"post","link":"https:\/\/cuip.ualg.pt\/pt-pt\/2026\/08\/19\/alteracao-no-secretariado-do-cuip-2\/","title":{"rendered":"Programa Mentoria por Pares foi adaptado aos doutorandos"},"content":{"rendered":"\t\t<div data-elementor-type=\"wp-post\" data-elementor-id=\"4140\" class=\"elementor elementor-4140 elementor-4139\" data-elementor-post-type=\"post\">\n\t\t\t\t<div class=\"elementor-element elementor-element-3f086a8 e-flex e-con-boxed e-con e-parent\" data-id=\"3f086a8\" data-element_type=\"container\" data-e-type=\"container\">\n\t\t\t\t\t<div class=\"e-con-inner\">\n\t\t\t\t<div class=\"elementor-element elementor-element-2d2e538 elementor-widget elementor-widget-heading\" data-id=\"2d2e538\" data-element_type=\"widget\" data-e-type=\"widget\" data-widget_type=\"heading.default\">\n\t\t\t\t<div class=\"elementor-widget-container\">\n\t\t\t\t\t<h3 class=\"elementor-heading-title elementor-size-default\">Programa Mentoria por Pares foi adaptado aos doutorandos<\/h3>\t\t\t\t<\/div>\n\t\t\t\t<\/div>\n\t\t\t\t\t<\/div>\n\t\t\t\t<\/div>\n\t\t<div class=\"elementor-element elementor-element-fcf5a43 e-flex e-con-boxed e-con e-parent\" data-id=\"fcf5a43\" data-element_type=\"container\" data-e-type=\"container\">\n\t\t\t\t\t<div class=\"e-con-inner\">\n\t\t<div class=\"elementor-element elementor-element-5a46d2f e-con-full e-flex e-con e-child\" data-id=\"5a46d2f\" data-element_type=\"container\" data-e-type=\"container\">\n\t\t\t\t<div class=\"elementor-element elementor-element-1a660b9 elementor-widget elementor-widget-text-editor\" data-id=\"1a660b9\" data-element_type=\"widget\" data-e-type=\"widget\" data-widget_type=\"text-editor.default\">\n\t\t\t\t<div class=\"elementor-widget-container\">\n\t\t\t\t\t\t\t\t\t<p>O Programa Mentoria por Pares existe na Universidade do Algarve desde 2021, tendo-lhe inclusivamente sido atribu\u00eddo o Pr\u00e9mio de Boas Pr\u00e1ticas da UAlg em 2023. O Coordenador Cient\u00edfico deste Programa \u00e9 Sa\u00fal de Jesus e a Coordenadora Funcional \u00e9 Mariana Guerreiro, estando esta a realizar o seu doutoramento sobre o impacto deste programa no bem-estar dos estudantes. <\/p><p>J\u00e1 participaram neste Programa centenas de estudantes da UAlg, quer como mentores, quer como mentorandos, verificando-se vantagens para os estudantes participantes, ao n\u00edvel da integra\u00e7\u00e3o na UAlg e no curso frequentado, do desenvolvimento de soft skills e do sucesso acad\u00e9mico.<\/p><p>T\u00eam participado alguns doutorandos neste Programa, nomeadamente do CUIP, mas ainda em reduzido n\u00famero. De forma a aumentar a participa\u00e7\u00e3o de estudantes de doutoramento e responder \u00e0s necessidades espec\u00edficas da forma\u00e7\u00e3o avan\u00e7ada, foi feita uma adapta\u00e7\u00e3o do Programa para estudantes que iniciam o seu percurso de investiga\u00e7\u00e3o na UAlg. <\/p><p>Para participarem como mentores ou mentorandos neste programa, os doutorandos do CUIP podem enviar e-mail para <a href=\"mailto:mentoriaporpares@ualg.pt\" target=\"_blank\" rel=\"noopener\">mentoriaporpares@ualg.pt<\/a>.<\/p>\t\t\t\t\t\t\t\t<\/div>\n\t\t\t\t<\/div>\n\t\t\t\t<\/div>\n\t\t\t\t\t<\/div>\n\t\t\t\t<\/div>\n\t\t<div class=\"elementor-element elementor-element-a6aad8f e-flex e-con-boxed e-con e-parent\" data-id=\"a6aad8f\" data-element_type=\"container\" data-e-type=\"container\">\n\t\t\t\t\t<div class=\"e-con-inner\">\n\t\t<div class=\"elementor-element elementor-element-3a99232 e-con-full e-flex e-con e-child\" data-id=\"3a99232\" data-element_type=\"container\" data-e-type=\"container\">\n\t\t\t\t<div class=\"elementor-element elementor-element-0fa0663 elementor-widget elementor-widget-image\" data-id=\"0fa0663\" data-element_type=\"widget\" data-e-type=\"widget\" data-widget_type=\"image.default\">\n\t\t\t\t<div class=\"elementor-widget-container\">\n\t\t\t\t\t\t\t\t\t\t\t\t\t\t\t<img fetchpriority=\"high\" decoding=\"async\" width=\"405\" height=\"571\" src=\"https:\/\/cuip.ualg.pt\/wp-content\/uploads\/2026\/09\/Imagem_MentoriaPorPares_pt-2.jpg\" class=\"attachment-medium_large size-medium_large wp-image-4149\" alt=\"\" srcset=\"https:\/\/cuip.ualg.pt\/wp-content\/uploads\/2026\/09\/Imagem_MentoriaPorPares_pt-2.jpg 405w, https:\/\/cuip.ualg.pt\/wp-content\/uploads\/2026\/09\/Imagem_MentoriaPorPares_pt-2-213x300.jpg 213w\" sizes=\"(max-width: 405px) 100vw, 405px\" \/>\t\t\t\t\t\t\t\t\t\t\t\t\t\t\t<\/div>\n\t\t\t\t<\/div>\n\t\t\t\t<\/div>\n\t\t\t\t\t<\/div>\n\t\t\t\t<\/div>\n\t\t\t\t<\/div>\n\t\t","protected":false},"excerpt":{"rendered":"<p>Programa Mentoria por Pares foi adaptado aos doutorandos O Programa Mentoria por Pares existe na Universidade do Algarve desde 2021, tendo-lhe inclusivamente sido atribu\u00eddo o Pr\u00e9mio de Boas Pr\u00e1ticas da UAlg em 2023. O Coordenador Cient\u00edfico deste Programa \u00e9 Sa\u00fal de Jesus e a Coordenadora Funcional \u00e9 Mariana Guerreiro, estando esta a realizar o seu<span class=\"post-excerpt-end\">&hellip;<\/span><\/p>\n<p class=\"more-link\"><a href=\"https:\/\/cuip.ualg.pt\/pt-pt\/2026\/08\/19\/alteracao-no-secretariado-do-cuip-2\/\" class=\"themebutton\">Read More<\/a><\/p>\n","protected":false},"author":2,"featured_media":4143,"comment_status":"closed","ping_status":"closed","sticky":false,"template":"","format":"standard","meta":{"_themeisle_gutenberg_block_has_review":false,"footnotes":""},"categories":[36],"tags":[],"class_list":["post-4140","post","type-post","status-publish","format-standard","has-post-thumbnail","hentry","category-press-2026"],"_links":{"self":[{"href":"https:\/\/cuip.ualg.pt\/pt-pt\/wp-json\/wp\/v2\/posts\/4140","targetHints":{"allow":["GET"]}}],"collection":[{"href":"https:\/\/cuip.ualg.pt\/pt-pt\/wp-json\/wp\/v2\/posts"}],"about":[{"href":"https:\/\/cuip.ualg.pt\/pt-pt\/wp-json\/wp\/v2\/types\/post"}],"author":[{"embeddable":true,"href":"https:\/\/cuip.ualg.pt\/pt-pt\/wp-json\/wp\/v2\/users\/2"}],"replies":[{"embeddable":true,"href":"https:\/\/cuip.ualg.pt\/pt-pt\/wp-json\/wp\/v2\/comments?post=4140"}],"version-history":[{"count":11,"href":"https:\/\/cuip.ualg.pt\/pt-pt\/wp-json\/wp\/v2\/posts\/4140\/revisions"}],"predecessor-version":[{"id":4163,"href":"https:\/\/cuip.ualg.pt\/pt-pt\/wp-json\/wp\/v2\/posts\/4140\/revisions\/4163"}],"wp:featuredmedia":[{"embeddable":true,"href":"https:\/\/cuip.ualg.pt\/pt-pt\/wp-json\/wp\/v2\/media\/4143"}],"wp:attachment":[{"href":"https:\/\/cuip.ualg.pt\/pt-pt\/wp-json\/wp\/v2\/media?parent=4140"}],"wp:term":[{"taxonomy":"category","embeddable":true,"href":"https:\/\/cuip.ualg.pt\/pt-pt\/wp-json\/wp\/v2\/categories?post=4140"},{"taxonomy":"post_tag","embeddable":true,"href":"https:\/\/cuip.ualg.pt\/pt-pt\/wp-json\/wp\/v2\/tags?post=4140"}],"curies":[{"name":"wp","href":"https:\/\/api.w.org\/{rel}","templated":true}]}}