{"id":4169,"date":"2026-05-09T10:30:00","date_gmt":"2026-05-09T10:30:00","guid":{"rendered":"https:\/\/cuip.ualg.pt\/?p=4169"},"modified":"2026-09-04T10:37:32","modified_gmt":"2026-09-04T10:37:32","slug":"programa-mentoria-por-pares-foi-adaptado-aos-doutorandos","status":"publish","type":"post","link":"https:\/\/cuip.ualg.pt\/pt-pt\/2026\/05\/09\/programa-mentoria-por-pares-foi-adaptado-aos-doutorandos\/","title":{"rendered":"Doutoranda do CUIP obteve men\u00e7\u00e3o honrosa no concurso 3MT-UAlg"},"content":{"rendered":"\t\t<div data-elementor-type=\"wp-post\" data-elementor-id=\"4169\" class=\"elementor elementor-4169 elementor-4168\" data-elementor-post-type=\"post\">\n\t\t\t\t<div class=\"elementor-element elementor-element-3f086a8 e-flex e-con-boxed e-con e-parent\" data-id=\"3f086a8\" data-element_type=\"container\" data-e-type=\"container\">\n\t\t\t\t\t<div class=\"e-con-inner\">\n\t\t\t\t<div class=\"elementor-element elementor-element-2d2e538 elementor-widget elementor-widget-heading\" data-id=\"2d2e538\" data-element_type=\"widget\" data-e-type=\"widget\" data-widget_type=\"heading.default\">\n\t\t\t\t<div class=\"elementor-widget-container\">\n\t\t\t\t\t<h3 class=\"elementor-heading-title elementor-size-default\">Doutoranda do CUIP obteve men\u00e7\u00e3o honrosa no concurso 3MT-UAlg<\/h3>\t\t\t\t<\/div>\n\t\t\t\t<\/div>\n\t\t\t\t\t<\/div>\n\t\t\t\t<\/div>\n\t\t<div class=\"elementor-element elementor-element-4ff2beb e-flex e-con-boxed e-con e-parent\" data-id=\"4ff2beb\" data-element_type=\"container\" data-e-type=\"container\">\n\t\t\t\t\t<div class=\"e-con-inner\">\n\t\t<div class=\"elementor-element elementor-element-8b67736 e-con-full e-flex e-con e-child\" data-id=\"8b67736\" data-element_type=\"container\" data-e-type=\"container\">\n\t\t\t\t<div class=\"elementor-element elementor-element-0878899 elementor-widget elementor-widget-image\" data-id=\"0878899\" data-element_type=\"widget\" data-e-type=\"widget\" data-widget_type=\"image.default\">\n\t\t\t\t<div class=\"elementor-widget-container\">\n\t\t\t\t\t\t\t\t\t\t\t\t\t\t\t<img fetchpriority=\"high\" decoding=\"async\" width=\"768\" height=\"489\" src=\"https:\/\/cuip.ualg.pt\/wp-content\/uploads\/2026\/09\/Imagem1_Concurso3MT2026-768x489.jpg\" class=\"attachment-medium_large size-medium_large wp-image-4179\" alt=\"\" srcset=\"https:\/\/cuip.ualg.pt\/wp-content\/uploads\/2026\/09\/Imagem1_Concurso3MT2026-768x489.jpg 768w, https:\/\/cuip.ualg.pt\/wp-content\/uploads\/2026\/09\/Imagem1_Concurso3MT2026-300x191.jpg 300w, https:\/\/cuip.ualg.pt\/wp-content\/uploads\/2026\/09\/Imagem1_Concurso3MT2026.jpg 800w\" sizes=\"(max-width: 768px) 100vw, 768px\" \/>\t\t\t\t\t\t\t\t\t\t\t\t\t\t\t<\/div>\n\t\t\t\t<\/div>\n\t\t\t\t<\/div>\n\t\t\t\t\t<\/div>\n\t\t\t\t<\/div>\n\t\t<div class=\"elementor-element elementor-element-fcf5a43 e-flex e-con-boxed e-con e-parent\" data-id=\"fcf5a43\" data-element_type=\"container\" data-e-type=\"container\">\n\t\t\t\t\t<div class=\"e-con-inner\">\n\t\t<div class=\"elementor-element elementor-element-5a46d2f e-con-full e-flex e-con e-child\" data-id=\"5a46d2f\" data-element_type=\"container\" data-e-type=\"container\">\n\t\t\t\t<div class=\"elementor-element elementor-element-1a660b9 elementor-widget elementor-widget-text-editor\" data-id=\"1a660b9\" data-element_type=\"widget\" data-e-type=\"widget\" data-widget_type=\"text-editor.default\">\n\t\t\t\t<div class=\"elementor-widget-container\">\n\t\t\t\t\t\t\t\t\t<p>No passado dia 9 de maio realizou-se a apresenta\u00e7\u00e3o p\u00fablica das candidaturas selecionadas para a 2\u00aa fase da 3\u00aa edi\u00e7\u00e3o do concurso \u201cTr\u00eas minutos de Tese (3MT-UAlg)\u201d, tendo Vivien Iacob, doutoranda em Psicologia da UAlg, obtido uma men\u00e7\u00e3o honrosa.<\/p><p>Recorde-se que na 1\u00aa edi\u00e7\u00e3o deste concurso a vencedora tinha sido Ana Sim\u00e3o e que na 2\u00aa edi\u00e7\u00e3o F\u00e1bio Gon\u00e7alves tinha obtido o segundo lugar.<\/p><p>Desta forma, desde o in\u00edcio deste concurso na UAlg, tem havido sempre o reconhecimento da capacidade para comunicar ci\u00eancia por parte dos doutorandos do CUIP.<\/p><p>Vivien Iacob \u00e9 orientada por Sa\u00fal de Jesus e Cl\u00e1udia Carmo, tendo apresentado o trabalho intitulado \u201cPara Al\u00e9m do Destino: Mindfulness e Bem-Estar no Turismo\u201d.<\/p>\t\t\t\t\t\t\t\t<\/div>\n\t\t\t\t<\/div>\n\t\t\t\t<\/div>\n\t\t\t\t\t<\/div>\n\t\t\t\t<\/div>\n\t\t<div class=\"elementor-element elementor-element-a6aad8f e-flex e-con-boxed e-con e-parent\" data-id=\"a6aad8f\" data-element_type=\"container\" data-e-type=\"container\">\n\t\t\t\t\t<div class=\"e-con-inner\">\n\t\t<div class=\"elementor-element elementor-element-3a99232 e-con-full e-flex e-con e-child\" data-id=\"3a99232\" data-element_type=\"container\" data-e-type=\"container\">\n\t\t\t\t<div class=\"elementor-element elementor-element-0fa0663 elementor-widget elementor-widget-image\" data-id=\"0fa0663\" data-element_type=\"widget\" data-e-type=\"widget\" data-widget_type=\"image.default\">\n\t\t\t\t<div class=\"elementor-widget-container\">\n\t\t\t\t\t\t\t\t\t\t\t\t\t\t\t<img decoding=\"async\" width=\"768\" height=\"489\" src=\"https:\/\/cuip.ualg.pt\/wp-content\/uploads\/2026\/09\/Imagem2_Concurso3MT2026-768x489.jpg\" class=\"attachment-medium_large size-medium_large wp-image-4180\" alt=\"\" srcset=\"https:\/\/cuip.ualg.pt\/wp-content\/uploads\/2026\/09\/Imagem2_Concurso3MT2026-768x489.jpg 768w, https:\/\/cuip.ualg.pt\/wp-content\/uploads\/2026\/09\/Imagem2_Concurso3MT2026-300x191.jpg 300w, https:\/\/cuip.ualg.pt\/wp-content\/uploads\/2026\/09\/Imagem2_Concurso3MT2026.jpg 800w\" sizes=\"(max-width: 768px) 100vw, 768px\" \/>\t\t\t\t\t\t\t\t\t\t\t\t\t\t\t<\/div>\n\t\t\t\t<\/div>\n\t\t\t\t<\/div>\n\t\t\t\t\t<\/div>\n\t\t\t\t<\/div>\n\t\t\t\t<\/div>\n\t\t","protected":false},"excerpt":{"rendered":"<p>Doutoranda do CUIP obteve men\u00e7\u00e3o honrosa no concurso 3MT-UAlg No passado dia 9 de maio realizou-se a apresenta\u00e7\u00e3o p\u00fablica das candidaturas selecionadas para a 2\u00aa fase da 3\u00aa edi\u00e7\u00e3o do concurso \u201cTr\u00eas minutos de Tese (3MT-UAlg)\u201d, tendo Vivien Iacob, doutoranda em Psicologia da UAlg, obtido uma men\u00e7\u00e3o honrosa. Recorde-se que na 1\u00aa edi\u00e7\u00e3o deste concurso<span class=\"post-excerpt-end\">&hellip;<\/span><\/p>\n<p class=\"more-link\"><a href=\"https:\/\/cuip.ualg.pt\/pt-pt\/2026\/05\/09\/programa-mentoria-por-pares-foi-adaptado-aos-doutorandos\/\" class=\"themebutton\">Read More<\/a><\/p>\n","protected":false},"author":2,"featured_media":4172,"comment_status":"closed","ping_status":"closed","sticky":false,"template":"","format":"standard","meta":{"_themeisle_gutenberg_block_has_review":false,"footnotes":""},"categories":[36],"tags":[],"class_list":["post-4169","post","type-post","status-publish","format-standard","has-post-thumbnail","hentry","category-press-2026"],"_links":{"self":[{"href":"https:\/\/cuip.ualg.pt\/pt-pt\/wp-json\/wp\/v2\/posts\/4169","targetHints":{"allow":["GET"]}}],"collection":[{"href":"https:\/\/cuip.ualg.pt\/pt-pt\/wp-json\/wp\/v2\/posts"}],"about":[{"href":"https:\/\/cuip.ualg.pt\/pt-pt\/wp-json\/wp\/v2\/types\/post"}],"author":[{"embeddable":true,"href":"https:\/\/cuip.ualg.pt\/pt-pt\/wp-json\/wp\/v2\/users\/2"}],"replies":[{"embeddable":true,"href":"https:\/\/cuip.ualg.pt\/pt-pt\/wp-json\/wp\/v2\/comments?post=4169"}],"version-history":[{"count":3,"href":"https:\/\/cuip.ualg.pt\/pt-pt\/wp-json\/wp\/v2\/posts\/4169\/revisions"}],"predecessor-version":[{"id":4182,"href":"https:\/\/cuip.ualg.pt\/pt-pt\/wp-json\/wp\/v2\/posts\/4169\/revisions\/4182"}],"wp:featuredmedia":[{"embeddable":true,"href":"https:\/\/cuip.ualg.pt\/pt-pt\/wp-json\/wp\/v2\/media\/4172"}],"wp:attachment":[{"href":"https:\/\/cuip.ualg.pt\/pt-pt\/wp-json\/wp\/v2\/media?parent=4169"}],"wp:term":[{"taxonomy":"category","embeddable":true,"href":"https:\/\/cuip.ualg.pt\/pt-pt\/wp-json\/wp\/v2\/categories?post=4169"},{"taxonomy":"post_tag","embeddable":true,"href":"https:\/\/cuip.ualg.pt\/pt-pt\/wp-json\/wp\/v2\/tags?post=4169"}],"curies":[{"name":"wp","href":"https:\/\/api.w.org\/{rel}","templated":true}]}}