{"id":4275,"date":"2026-07-21T12:18:00","date_gmt":"2026-07-21T12:18:00","guid":{"rendered":"https:\/\/cuip.ualg.pt\/?p=4275"},"modified":"2026-09-04T12:21:59","modified_gmt":"2026-09-04T12:21:59","slug":"projeto-quietnature-obteve-financiamento-da-fct-7","status":"publish","type":"post","link":"https:\/\/cuip.ualg.pt\/pt-pt\/2026\/07\/21\/projeto-quietnature-obteve-financiamento-da-fct-7\/","title":{"rendered":"III Simp\u00f3sio do CUIP foi organizado pela Universidade Aut\u00f3noma de Lisboa"},"content":{"rendered":"\t\t<div data-elementor-type=\"wp-post\" data-elementor-id=\"4275\" class=\"elementor elementor-4275 elementor-4274\" data-elementor-post-type=\"post\">\n\t\t\t\t<div class=\"elementor-element elementor-element-3f086a8 e-flex e-con-boxed e-con e-parent\" data-id=\"3f086a8\" data-element_type=\"container\" data-e-type=\"container\">\n\t\t\t\t\t<div class=\"e-con-inner\">\n\t\t\t\t<div class=\"elementor-element elementor-element-2d2e538 elementor-widget elementor-widget-heading\" data-id=\"2d2e538\" data-element_type=\"widget\" data-e-type=\"widget\" data-widget_type=\"heading.default\">\n\t\t\t\t<div class=\"elementor-widget-container\">\n\t\t\t\t\t<h3 class=\"elementor-heading-title elementor-size-default\">III Simp\u00f3sio do CUIP foi organizado pela Universidade Aut\u00f3noma de Lisboa<\/h3>\t\t\t\t<\/div>\n\t\t\t\t<\/div>\n\t\t\t\t\t<\/div>\n\t\t\t\t<\/div>\n\t\t<div class=\"elementor-element elementor-element-a6aad8f e-flex e-con-boxed e-con e-parent\" data-id=\"a6aad8f\" data-element_type=\"container\" data-e-type=\"container\">\n\t\t\t\t\t<div class=\"e-con-inner\">\n\t\t<div class=\"elementor-element elementor-element-3a99232 e-con-full e-flex e-con e-child\" data-id=\"3a99232\" data-element_type=\"container\" data-e-type=\"container\">\n\t\t\t\t<div class=\"elementor-element elementor-element-0fa0663 elementor-widget elementor-widget-image\" data-id=\"0fa0663\" data-element_type=\"widget\" data-e-type=\"widget\" data-widget_type=\"image.default\">\n\t\t\t\t<div class=\"elementor-widget-container\">\n\t\t\t\t\t\t\t\t\t\t\t\t\t\t\t<img fetchpriority=\"high\" decoding=\"async\" width=\"768\" height=\"442\" src=\"https:\/\/cuip.ualg.pt\/wp-content\/uploads\/2026\/09\/Imagem1_3o_simposioCUIP-768x442.jpg\" class=\"attachment-medium_large size-medium_large wp-image-4284\" alt=\"\" srcset=\"https:\/\/cuip.ualg.pt\/wp-content\/uploads\/2026\/09\/Imagem1_3o_simposioCUIP-768x442.jpg 768w, https:\/\/cuip.ualg.pt\/wp-content\/uploads\/2026\/09\/Imagem1_3o_simposioCUIP-300x172.jpg 300w, https:\/\/cuip.ualg.pt\/wp-content\/uploads\/2026\/09\/Imagem1_3o_simposioCUIP.jpg 781w\" sizes=\"(max-width: 768px) 100vw, 768px\" \/>\t\t\t\t\t\t\t\t\t\t\t\t\t\t\t<\/div>\n\t\t\t\t<\/div>\n\t\t\t\t<\/div>\n\t\t\t\t\t<\/div>\n\t\t\t\t<\/div>\n\t\t<div class=\"elementor-element elementor-element-fcf5a43 e-flex e-con-boxed e-con e-parent\" data-id=\"fcf5a43\" data-element_type=\"container\" data-e-type=\"container\">\n\t\t\t\t\t<div class=\"e-con-inner\">\n\t\t<div class=\"elementor-element elementor-element-5a46d2f e-con-full e-flex e-con e-child\" data-id=\"5a46d2f\" data-element_type=\"container\" data-e-type=\"container\">\n\t\t\t\t<div class=\"elementor-element elementor-element-1a660b9 elementor-widget elementor-widget-text-editor\" data-id=\"1a660b9\" data-element_type=\"widget\" data-e-type=\"widget\" data-widget_type=\"text-editor.default\">\n\t\t\t\t<div class=\"elementor-widget-container\">\n\t\t\t\t\t\t\t\t\t<p>O III Simp\u00f3sio do CUIP decorreu nas instala\u00e7\u00f5es da Universidade Aut\u00f3noma de Lisboa, no dia 21 de julho, sendo realizado presencialmente, mas permitindo tamb\u00e9m a participa\u00e7\u00e3o dos membros do CUIP de forma remota.<\/p><p>Tendo sido antecedido por uma reuni\u00e3o da comiss\u00e3o cient\u00edfica do CUIP e de uma apresenta\u00e7\u00e3o sobre a \u201cRede de Doutorandos do CUIP: Um balan\u00e7o das atividades e um olhar para o futuro\u201d, neste Simp\u00f3sio foram apresentados projetos em curso nas quatro universidades que integram o CUIP, tendo ainda havido oportunidade para um \u201cPitch de Novas Ideias (apresenta\u00e7\u00f5es 5MPI)\u201d, que permitiu o lan\u00e7amento de ideias para investiga\u00e7\u00f5es a desenvolver no \u00e2mbito do CUIP que permitissem o envolvimento de investigadores da Psicologia B\u00e1sica e da Psicologia Aplicada das v\u00e1rias universidades que integram o CUIP.<\/p><p>.<\/p>\t\t\t\t\t\t\t\t<\/div>\n\t\t\t\t<\/div>\n\t\t\t\t<\/div>\n\t\t\t\t\t<\/div>\n\t\t\t\t<\/div>\n\t\t<div class=\"elementor-element elementor-element-619c0ad e-flex e-con-boxed e-con e-parent\" data-id=\"619c0ad\" data-element_type=\"container\" data-e-type=\"container\">\n\t\t\t\t\t<div class=\"e-con-inner\">\n\t\t<div class=\"elementor-element elementor-element-060bf54 e-con-full e-flex e-con e-child\" data-id=\"060bf54\" data-element_type=\"container\" data-e-type=\"container\">\n\t\t\t\t<div class=\"elementor-element elementor-element-1621719 elementor-widget elementor-widget-image\" data-id=\"1621719\" data-element_type=\"widget\" data-e-type=\"widget\" data-widget_type=\"image.default\">\n\t\t\t\t<div class=\"elementor-widget-container\">\n\t\t\t\t\t\t\t\t\t\t\t\t\t\t\t<img decoding=\"async\" width=\"768\" height=\"442\" src=\"https:\/\/cuip.ualg.pt\/wp-content\/uploads\/2026\/09\/Imagem2_3o_simposioCUIP-768x442.jpg\" class=\"attachment-medium_large size-medium_large wp-image-4285\" alt=\"\" srcset=\"https:\/\/cuip.ualg.pt\/wp-content\/uploads\/2026\/09\/Imagem2_3o_simposioCUIP-768x442.jpg 768w, https:\/\/cuip.ualg.pt\/wp-content\/uploads\/2026\/09\/Imagem2_3o_simposioCUIP-300x172.jpg 300w, https:\/\/cuip.ualg.pt\/wp-content\/uploads\/2026\/09\/Imagem2_3o_simposioCUIP.jpg 781w\" sizes=\"(max-width: 768px) 100vw, 768px\" \/>\t\t\t\t\t\t\t\t\t\t\t\t\t\t\t<\/div>\n\t\t\t\t<\/div>\n\t\t\t\t<\/div>\n\t\t\t\t\t<\/div>\n\t\t\t\t<\/div>\n\t\t\t\t<\/div>\n\t\t","protected":false},"excerpt":{"rendered":"<p>III Simp\u00f3sio do CUIP foi organizado pela Universidade Aut\u00f3noma de Lisboa O III Simp\u00f3sio do CUIP decorreu nas instala\u00e7\u00f5es da Universidade Aut\u00f3noma de Lisboa, no dia 21 de julho, sendo realizado presencialmente, mas permitindo tamb\u00e9m a participa\u00e7\u00e3o dos membros do CUIP de forma remota. Tendo sido antecedido por uma reuni\u00e3o da comiss\u00e3o cient\u00edfica do CUIP<span class=\"post-excerpt-end\">&hellip;<\/span><\/p>\n<p class=\"more-link\"><a href=\"https:\/\/cuip.ualg.pt\/pt-pt\/2026\/07\/21\/projeto-quietnature-obteve-financiamento-da-fct-7\/\" class=\"themebutton\">Read More<\/a><\/p>\n","protected":false},"author":2,"featured_media":4280,"comment_status":"closed","ping_status":"closed","sticky":false,"template":"","format":"standard","meta":{"_themeisle_gutenberg_block_has_review":false,"footnotes":""},"categories":[36],"tags":[],"class_list":["post-4275","post","type-post","status-publish","format-standard","has-post-thumbnail","hentry","category-press-2026"],"_links":{"self":[{"href":"https:\/\/cuip.ualg.pt\/pt-pt\/wp-json\/wp\/v2\/posts\/4275","targetHints":{"allow":["GET"]}}],"collection":[{"href":"https:\/\/cuip.ualg.pt\/pt-pt\/wp-json\/wp\/v2\/posts"}],"about":[{"href":"https:\/\/cuip.ualg.pt\/pt-pt\/wp-json\/wp\/v2\/types\/post"}],"author":[{"embeddable":true,"href":"https:\/\/cuip.ualg.pt\/pt-pt\/wp-json\/wp\/v2\/users\/2"}],"replies":[{"embeddable":true,"href":"https:\/\/cuip.ualg.pt\/pt-pt\/wp-json\/wp\/v2\/comments?post=4275"}],"version-history":[{"count":3,"href":"https:\/\/cuip.ualg.pt\/pt-pt\/wp-json\/wp\/v2\/posts\/4275\/revisions"}],"predecessor-version":[{"id":4287,"href":"https:\/\/cuip.ualg.pt\/pt-pt\/wp-json\/wp\/v2\/posts\/4275\/revisions\/4287"}],"wp:featuredmedia":[{"embeddable":true,"href":"https:\/\/cuip.ualg.pt\/pt-pt\/wp-json\/wp\/v2\/media\/4280"}],"wp:attachment":[{"href":"https:\/\/cuip.ualg.pt\/pt-pt\/wp-json\/wp\/v2\/media?parent=4275"}],"wp:term":[{"taxonomy":"category","embeddable":true,"href":"https:\/\/cuip.ualg.pt\/pt-pt\/wp-json\/wp\/v2\/categories?post=4275"},{"taxonomy":"post_tag","embeddable":true,"href":"https:\/\/cuip.ualg.pt\/pt-pt\/wp-json\/wp\/v2\/tags?post=4275"}],"curies":[{"name":"wp","href":"https:\/\/api.w.org\/{rel}","templated":true}]}}