{"id":4289,"date":"2026-07-31T12:23:00","date_gmt":"2026-07-31T12:23:00","guid":{"rendered":"https:\/\/cuip.ualg.pt\/?p=4289"},"modified":"2026-09-04T12:49:52","modified_gmt":"2026-09-04T12:49:52","slug":"projeto-quietnature-obteve-financiamento-da-fct-8","status":"publish","type":"post","link":"https:\/\/cuip.ualg.pt\/pt-pt\/2026\/07\/31\/projeto-quietnature-obteve-financiamento-da-fct-8\/","title":{"rendered":"Bolsa de Investiga\u00e7\u00e3o (BI) \u2013 International Call"},"content":{"rendered":"\t\t<div data-elementor-type=\"wp-post\" data-elementor-id=\"4289\" class=\"elementor elementor-4289 elementor-4288\" data-elementor-post-type=\"post\">\n\t\t\t\t<div class=\"elementor-element elementor-element-3f086a8 e-flex e-con-boxed e-con e-parent\" data-id=\"3f086a8\" data-element_type=\"container\" data-e-type=\"container\">\n\t\t\t\t\t<div class=\"e-con-inner\">\n\t\t\t\t<div class=\"elementor-element elementor-element-2d2e538 elementor-widget elementor-widget-heading\" data-id=\"2d2e538\" data-element_type=\"widget\" data-e-type=\"widget\" data-widget_type=\"heading.default\">\n\t\t\t\t<div class=\"elementor-widget-container\">\n\t\t\t\t\t<h3 class=\"elementor-heading-title elementor-size-default\">Bolsa de Investiga\u00e7\u00e3o (BI) \u2013 International Call<\/h3>\t\t\t\t<\/div>\n\t\t\t\t<\/div>\n\t\t\t\t\t<\/div>\n\t\t\t\t<\/div>\n\t\t<div class=\"elementor-element elementor-element-a6aad8f e-flex e-con-boxed e-con e-parent\" data-id=\"a6aad8f\" data-element_type=\"container\" data-e-type=\"container\">\n\t\t\t\t\t<div class=\"e-con-inner\">\n\t\t<div class=\"elementor-element elementor-element-3a99232 e-con-full e-flex e-con e-child\" data-id=\"3a99232\" data-element_type=\"container\" data-e-type=\"container\">\n\t\t\t\t<div class=\"elementor-element elementor-element-0fa0663 elementor-widget__width-initial elementor-widget elementor-widget-image\" data-id=\"0fa0663\" data-element_type=\"widget\" data-e-type=\"widget\" data-widget_type=\"image.default\">\n\t\t\t\t<div class=\"elementor-widget-container\">\n\t\t\t\t\t\t\t\t\t\t\t\t\t\t\t<img fetchpriority=\"high\" decoding=\"async\" width=\"768\" height=\"576\" src=\"https:\/\/cuip.ualg.pt\/wp-content\/uploads\/2026\/09\/Imagem_Destaque_AnuncioBIpt-1-768x576.jpg\" class=\"attachment-medium_large size-medium_large wp-image-4292\" alt=\"\" srcset=\"https:\/\/cuip.ualg.pt\/wp-content\/uploads\/2026\/09\/Imagem_Destaque_AnuncioBIpt-1-768x576.jpg 768w, https:\/\/cuip.ualg.pt\/wp-content\/uploads\/2026\/09\/Imagem_Destaque_AnuncioBIpt-1-300x225.jpg 300w, https:\/\/cuip.ualg.pt\/wp-content\/uploads\/2026\/09\/Imagem_Destaque_AnuncioBIpt-1.jpg 1024w\" sizes=\"(max-width: 768px) 100vw, 768px\" \/>\t\t\t\t\t\t\t\t\t\t\t\t\t\t\t<\/div>\n\t\t\t\t<\/div>\n\t\t\t\t<\/div>\n\t\t\t\t\t<\/div>\n\t\t\t\t<\/div>\n\t\t<div class=\"elementor-element elementor-element-fcf5a43 e-flex e-con-boxed e-con e-parent\" data-id=\"fcf5a43\" data-element_type=\"container\" data-e-type=\"container\">\n\t\t\t\t\t<div class=\"e-con-inner\">\n\t\t<div class=\"elementor-element elementor-element-5a46d2f e-con-full e-flex e-con e-child\" data-id=\"5a46d2f\" data-element_type=\"container\" data-e-type=\"container\">\n\t\t\t\t<div class=\"elementor-element elementor-element-1a660b9 elementor-widget elementor-widget-text-editor\" data-id=\"1a660b9\" data-element_type=\"widget\" data-e-type=\"widget\" data-widget_type=\"text-editor.default\">\n\t\t\t\t<div class=\"elementor-widget-container\">\n\t\t\t\t\t\t\t\t\t<p>Est\u00e3o abertas as candidaturas para a Bolsa de Investiga\u00e7\u00e3o BI_3_2026_FCT2023.18178.IC&amp;DT\/LISBOA2030-FEDER 0092240014722 no \u00e2mbito do projeto <strong>SignPain, que tem como objetivo melhorar a comunica\u00e7\u00e3o da dor entre doentes surdos e profissionais de sa\u00fade atrav\u00e9s de uma interven\u00e7\u00e3o digital<\/strong>. As candidaturas est\u00e3o abertas de 31 de julho a 16 de setembro de 2026. <\/p><p>O projeto faz parte da atividade cient\u00edfica do CUIP e est\u00e1 a ser realizado na Universidade Aut\u00f3noma de Lisboa.<\/p><p><strong>Requisitos obrigat\u00f3rios de admiss\u00e3o<\/strong>: a) os candidatos devem possuir grau de mestre em Ci\u00eancias Sociais ou \u00e1reas afins; b) estar inscrito no programa de estudos de doutoramento; c) ou licenciados e mestres inscritos em cursos n\u00e3o conferentes de grau acad\u00e9mico, integrados no projeto educativo de uma institui\u00e7\u00e3o de ensino superior, desenvolvidos em associa\u00e7\u00e3o ou coopera\u00e7\u00e3o com uma ou v\u00e1rias unidades de I&amp;D; d) n\u00e3o ter j\u00e1 sido benefici\u00e1rio de qualquer outra bolsa de investiga\u00e7\u00e3o financiada direta ou indiretamente pela FCT, independentemente da sua dura\u00e7\u00e3o.   <\/p><p><strong>Compet\u00eancias preferenciais: <\/strong><\/p><ul><li>Conhecimentos cient\u00edficos e dom\u00ednio de t\u00e9cnicas\/metodologias qualitativas e quantitativas<\/li><li>Experi\u00eancia em co-design e abordagens participativas<\/li><li>Experi\u00eancia na recolha e an\u00e1lise de dados qualitativos e quantitativos com suporte em softwares como, por exemplo, MAXQDA, SPSS ou R<\/li><li>Publica\u00e7\u00e3o de artigos cient\u00edficos<\/li><li>Flu\u00eancia em l\u00edngua inglesa para publica\u00e7\u00e3o e colabora\u00e7\u00e3o internacional<\/li><li>Flu\u00eancia em l\u00edngua portuguesa para recolha e an\u00e1lise de dados<\/li><li>Flexibilidade e capacidade de trabalho aut\u00f3nomo e em equipa multidisciplinar no desenvolvimento de atividades cient\u00edficas<\/li><\/ul><p><strong>Fim do prazo de candidaturas<\/strong>: 23:59 do dia 16 de setembro de 2026 (hora de Lisboa). <\/p><p>Mais informa\u00e7\u00f5es: <a href=\"https:\/\/euraxess.ec.europa.eu\/jobs\/457780\" target=\"_blank\" rel=\"noopener\">https:\/\/euraxess.ec.europa.eu\/jobs\/457780<\/a><\/p>\t\t\t\t\t\t\t\t<\/div>\n\t\t\t\t<\/div>\n\t\t\t\t<\/div>\n\t\t\t\t\t<\/div>\n\t\t\t\t<\/div>\n\t\t\t\t<\/div>\n\t\t","protected":false},"excerpt":{"rendered":"<p>Bolsa de Investiga\u00e7\u00e3o (BI) \u2013 International Call Est\u00e3o abertas as candidaturas para a Bolsa de Investiga\u00e7\u00e3o BI_3_2026_FCT2023.18178.IC&amp;DT\/LISBOA2030-FEDER 0092240014722 no \u00e2mbito do projeto SignPain, que tem como objetivo melhorar a comunica\u00e7\u00e3o da dor entre doentes surdos e profissionais de sa\u00fade atrav\u00e9s de uma interven\u00e7\u00e3o digital. As candidaturas est\u00e3o abertas de 31 de julho a 16 de<span class=\"post-excerpt-end\">&hellip;<\/span><\/p>\n<p class=\"more-link\"><a href=\"https:\/\/cuip.ualg.pt\/pt-pt\/2026\/07\/31\/projeto-quietnature-obteve-financiamento-da-fct-8\/\" class=\"themebutton\">Read More<\/a><\/p>\n","protected":false},"author":2,"featured_media":4292,"comment_status":"closed","ping_status":"closed","sticky":false,"template":"","format":"standard","meta":{"_themeisle_gutenberg_block_has_review":false,"footnotes":""},"categories":[36],"tags":[],"class_list":["post-4289","post","type-post","status-publish","format-standard","has-post-thumbnail","hentry","category-press-2026"],"_links":{"self":[{"href":"https:\/\/cuip.ualg.pt\/pt-pt\/wp-json\/wp\/v2\/posts\/4289","targetHints":{"allow":["GET"]}}],"collection":[{"href":"https:\/\/cuip.ualg.pt\/pt-pt\/wp-json\/wp\/v2\/posts"}],"about":[{"href":"https:\/\/cuip.ualg.pt\/pt-pt\/wp-json\/wp\/v2\/types\/post"}],"author":[{"embeddable":true,"href":"https:\/\/cuip.ualg.pt\/pt-pt\/wp-json\/wp\/v2\/users\/2"}],"replies":[{"embeddable":true,"href":"https:\/\/cuip.ualg.pt\/pt-pt\/wp-json\/wp\/v2\/comments?post=4289"}],"version-history":[{"count":6,"href":"https:\/\/cuip.ualg.pt\/pt-pt\/wp-json\/wp\/v2\/posts\/4289\/revisions"}],"predecessor-version":[{"id":4303,"href":"https:\/\/cuip.ualg.pt\/pt-pt\/wp-json\/wp\/v2\/posts\/4289\/revisions\/4303"}],"wp:featuredmedia":[{"embeddable":true,"href":"https:\/\/cuip.ualg.pt\/pt-pt\/wp-json\/wp\/v2\/media\/4292"}],"wp:attachment":[{"href":"https:\/\/cuip.ualg.pt\/pt-pt\/wp-json\/wp\/v2\/media?parent=4289"}],"wp:term":[{"taxonomy":"category","embeddable":true,"href":"https:\/\/cuip.ualg.pt\/pt-pt\/wp-json\/wp\/v2\/categories?post=4289"},{"taxonomy":"post_tag","embeddable":true,"href":"https:\/\/cuip.ualg.pt\/pt-pt\/wp-json\/wp\/v2\/tags?post=4289"}],"curies":[{"name":"wp","href":"https:\/\/api.w.org\/{rel}","templated":true}]}}